{"id":55491,"date":"2024-06-10T10:45:42","date_gmt":"2024-06-10T16:45:42","guid":{"rendered":"https:\/\/encuentroinformativo.com.mx\/?p=55491"},"modified":"2024-06-10T10:45:49","modified_gmt":"2024-06-10T16:45:49","slug":"inicia-ayuntamiento-de-soledad-de-doblado-con-programa-integral-de-reforestacion","status":"publish","type":"post","link":"https:\/\/encuentroinformativo.com.mx\/?p=55491","title":{"rendered":"Inicia Ayuntamiento de Soledad de Doblado con programa integral de reforestaci\u00f3n"},"content":{"rendered":"\n<p><strong>Alejandro \u00c1vila<\/strong><\/p>\n\n\n\n<p>Soledad de Doblado, Ver.- El Ayuntamiento de Soledad de Doblado que encabeza la alcaldesa, Arantxa Zamitiz Sosa, dio inicio al primer programa integral de reforestaci\u00f3n que busca combatir las altas temperaturas en el municipio.<\/p>\n\n\n\n<p>Esto los convierte en el primer Ayuntamiento de la entidad veracruzana que logra una reforestaci\u00f3n a conciencia y con base en lineamientos de medio ambiente y urbanidad, con el consentimiento y apoyo de la sociedad chole\u00f1a.<\/p>\n\n\n\n<p>&#8220;Este proyecto es importante que lo hagamos en conjunto, lo que nosotros hacemos es que, las personas se anotan y dicen, yo quiero un \u00e1rbol frente a mi casa, y nosotros vamos y revisamos las condiciones de su casa y de la calle en donde viven, en conjunto con CAEV llevamos los croquis, los mapas de donde pasan las l\u00edneas de agua potable y de drenaje de cada calle, y les podemos decir a las personas, s\u00ed puedes sembrar un \u00e1rbol, s\u00ed podemos aperturar un espacio o no, porque si en el frente de su casa pasa la l\u00ednea de agua o de drenaje no podemos aperturar ah\u00ed, esto es muy importante que lo sepan para evitar un problema m\u00e1s grande, que por querer sembrar un \u00e1rbol al rato se rompa una tuber\u00eda de agua o de drenaje y esto nos va a llevar a un problema mayor para la misma familia. Entonces, s\u00ed tenemos que revisar las condiciones, incluso del ancho de la calle, tambi\u00e9n revisamos esta parte&#8221;, apunt\u00f3 .<\/p>\n\n\n\n<p>La alcaldesa de Morena, Arantxa Zamitiz Sosa, dijo que es lo que va de su administraci\u00f3n se han plantado 30 mil \u00e1rboles de forma anual, pero en este 2024 se han enfocado los trabajos en la cabecera municipal; en la parte m\u00e1s urbana se verifica la cantidad de \u00e1rboles que se pueden sembrar y el flujo vehicular que hay en la zona.<\/p>\n\n\n\n<p>&#8220;S\u00ed es mejor hacer este proyecto en conjunto, acercarse al Ayuntamiento, nosotros con todo gusto y completamente gratis hacemos los espacios de 50&#215;50. En este proyecto inicial es de un \u00e1rbol por casa, para que alcancemos a m\u00e1s casas, por el tiempo, por d\u00eda, y tambi\u00e9n esto es muy interesante, por d\u00eda podemos aperturar hasta 10 espacios, no es muy r\u00e1pido porque se corta, es con m\u00e1quinas especiales, se hace el corte exacto de 50&#215;50 y luego tambi\u00e9n con la m\u00e1quina se puede perforar hasta una profundidad adecuada&#8221;, expres\u00f3.<\/p>\n","protected":false},"excerpt":{"rendered":"<p>Alejandro \u00c1vila Soledad de Doblado, Ver.- El Ayuntamiento de Soledad de Doblado que encabeza la alcaldesa, Arantxa Zamitiz Sosa, dio inicio al primer programa integral de reforestaci\u00f3n que busca combatir las altas temperaturas en el municipio. Esto los convierte en el primer Ayuntamiento de la entidad veracruzana que logra una reforestaci\u00f3n a conciencia y con [&hellip;]<\/p>\n","protected":false},"author":2476,"featured_media":55492,"comment_status":"open","ping_status":"open","sticky":false,"template":"","format":"standard","meta":{"_jetpack_memberships_contains_paid_content":false,"footnotes":""},"categories":[2],"tags":[],"class_list":["post-55491","post","type-post","status-publish","format-standard","has-post-thumbnail","hentry","category-estado"],"jetpack_featured_media_url":"https:\/\/encuentroinformativo.com.mx\/wp-content\/uploads\/2024\/06\/IMG-20240610-WA0026.jpg","jetpack_sharing_enabled":true,"jetpack_likes_enabled":true,"amp_enabled":true,"_links":{"self":[{"href":"https:\/\/encuentroinformativo.com.mx\/index.php?rest_route=\/wp\/v2\/posts\/55491","targetHints":{"allow":["GET"]}}],"collection":[{"href":"https:\/\/encuentroinformativo.com.mx\/index.php?rest_route=\/wp\/v2\/posts"}],"about":[{"href":"https:\/\/encuentroinformativo.com.mx\/index.php?rest_route=\/wp\/v2\/types\/post"}],"author":[{"embeddable":true,"href":"https:\/\/encuentroinformativo.com.mx\/index.php?rest_route=\/wp\/v2\/users\/2476"}],"replies":[{"embeddable":true,"href":"https:\/\/encuentroinformativo.com.mx\/index.php?rest_route=%2Fwp%2Fv2%2Fcomments&post=55491"}],"version-history":[{"count":1,"href":"https:\/\/encuentroinformativo.com.mx\/index.php?rest_route=\/wp\/v2\/posts\/55491\/revisions"}],"predecessor-version":[{"id":55493,"href":"https:\/\/encuentroinformativo.com.mx\/index.php?rest_route=\/wp\/v2\/posts\/55491\/revisions\/55493"}],"wp:featuredmedia":[{"embeddable":true,"href":"https:\/\/encuentroinformativo.com.mx\/index.php?rest_route=\/wp\/v2\/media\/55492"}],"wp:attachment":[{"href":"https:\/\/encuentroinformativo.com.mx\/index.php?rest_route=%2Fwp%2Fv2%2Fmedia&parent=55491"}],"wp:term":[{"taxonomy":"category","embeddable":true,"href":"https:\/\/encuentroinformativo.com.mx\/index.php?rest_route=%2Fwp%2Fv2%2Fcategories&post=55491"},{"taxonomy":"post_tag","embeddable":true,"href":"https:\/\/encuentroinformativo.com.mx\/index.php?rest_route=%2Fwp%2Fv2%2Ftags&post=55491"}],"curies":[{"name":"wp","href":"https:\/\/api.w.org\/{rel}","templated":true}]}}