{"id":55494,"date":"2024-06-10T11:43:16","date_gmt":"2024-06-10T17:43:16","guid":{"rendered":"https:\/\/encuentroinformativo.com.mx\/?p=55494"},"modified":"2024-06-10T11:43:23","modified_gmt":"2024-06-10T17:43:23","slug":"procederan-familiares-contra-comandante-de-xico-no-creen-que-fue-suicidio","status":"publish","type":"post","link":"https:\/\/encuentroinformativo.com.mx\/?p=55494","title":{"rendered":"Proceder\u00e1n familiares contra comandante de Xico, no creen que fue suicidio"},"content":{"rendered":"\n<p><strong>Juan Arcos <\/strong><\/p>\n\n\n\n<p>Xalapa, Ver.- Familiares de Carlos Alberto Hern\u00e1ndez Yoval, quien muri\u00f3 al interior de los separos de Xico por presunto suicidio, proceder\u00e1n legalmente contra el director de la Polic\u00eda Municipal, Jaziel Lozada, al considerar que el joven pudo haber sido v\u00edctima de un homicidio doloso por parte de los elementos de seguridad.<\/p>\n\n\n\n<p>En conferencia de prensa, realizada en Xalapa, las personas rechazaron la posibilidad de que el joven, de 31 a\u00f1os, haya atentado contra su vida, pues su cuerpo presentaba golpes en la cara y espalda.<\/p>\n\n\n\n<p>Su hermana Guadalupe Hern\u00e1ndez Yoval dijo que hay desconfianza en las autoridades por falta de respuestas concretas ante la presunta detenci\u00f3n ilegal de Carlos Alberto.<\/p>\n\n\n\n<p>La joven indic\u00f3 que enviar\u00e1n documentos al presidente Andr\u00e9s Manuel L\u00f3pez Obrador, al gobernador Cuitl\u00e1huac Garc\u00eda Jim\u00e9nez y a la Comisi\u00f3n Estatal de Derechos Humanos (CEDH), para solicitar su intervenci\u00f3n en el caso.<\/p>\n\n\n\n<p>El pasado jueves 6 de junio, el joven fue hallado sin vida dentro de la Comandancia de la Polic\u00eda, que se localiza al interior del Palacio Municipal. Les dijeron a los familiares que la causa de muerte fue un suicidio.<\/p>\n\n\n\n<p>Dos d\u00edas despu\u00e9s, sus familiares y amigos protestaron afuera del Palacio Municipal con el f\u00e9retro y el cuerpo del joven para exigir justicia en este caso.<\/p>\n\n\n\n<p>Guadalupe Hern\u00e1ndez pidi\u00f3 la intervenci\u00f3n de las autoridades de procuraci\u00f3n de justicia del estado de Veracruz para que se lleven a cabo las investigaciones correspondientes.<\/p>\n\n\n\n<p>\u201cVoy a proceder, de manera legal quiero proceder en contra de las autoridades que llevaron a cabo la detenci\u00f3n. Hasta el momento no sabemos qui\u00e9nes son, si son estatales, si son municipales, nos basamos en la poca informaci\u00f3n que van subiendo en las redes sociales. Vi que subieron un documento que gir\u00f3 el municipio en donde dice que ellos se deslindan de responsabilidades que fueron estatales, pero el d\u00eda que lo busqu\u00e9 tampoco me dio informaci\u00f3n, solamente me dijo el n\u00famero de patrulla y que posiblemente no existe certificado m\u00e9dico\u201d, enfatiz\u00f3.<\/p>\n\n\n\n<p>Guadalupe indic\u00f3 que ella labora como polic\u00eda estatal y, por ello, conoce el procedimiento para las detenciones. Detect\u00f3 que en el caso de su hermano hubo inconsistencias.<\/p>\n","protected":false},"excerpt":{"rendered":"<p>Juan Arcos Xalapa, Ver.- Familiares de Carlos Alberto Hern\u00e1ndez Yoval, quien muri\u00f3 al interior de los separos de Xico por presunto suicidio, proceder\u00e1n legalmente contra el director de la Polic\u00eda Municipal, Jaziel Lozada, al considerar que el joven pudo haber sido v\u00edctima de un homicidio doloso por parte de los elementos de seguridad. En conferencia [&hellip;]<\/p>\n","protected":false},"author":2476,"featured_media":55495,"comment_status":"open","ping_status":"open","sticky":false,"template":"","format":"standard","meta":{"_jetpack_memberships_contains_paid_content":false,"footnotes":""},"categories":[8],"tags":[],"class_list":["post-55494","post","type-post","status-publish","format-standard","has-post-thumbnail","hentry","category-region"],"jetpack_featured_media_url":"https:\/\/encuentroinformativo.com.mx\/wp-content\/uploads\/2024\/06\/IMG_8811.jpg","jetpack_sharing_enabled":true,"jetpack_likes_enabled":true,"amp_enabled":true,"_links":{"self":[{"href":"https:\/\/encuentroinformativo.com.mx\/index.php?rest_route=\/wp\/v2\/posts\/55494","targetHints":{"allow":["GET"]}}],"collection":[{"href":"https:\/\/encuentroinformativo.com.mx\/index.php?rest_route=\/wp\/v2\/posts"}],"about":[{"href":"https:\/\/encuentroinformativo.com.mx\/index.php?rest_route=\/wp\/v2\/types\/post"}],"author":[{"embeddable":true,"href":"https:\/\/encuentroinformativo.com.mx\/index.php?rest_route=\/wp\/v2\/users\/2476"}],"replies":[{"embeddable":true,"href":"https:\/\/encuentroinformativo.com.mx\/index.php?rest_route=%2Fwp%2Fv2%2Fcomments&post=55494"}],"version-history":[{"count":1,"href":"https:\/\/encuentroinformativo.com.mx\/index.php?rest_route=\/wp\/v2\/posts\/55494\/revisions"}],"predecessor-version":[{"id":55496,"href":"https:\/\/encuentroinformativo.com.mx\/index.php?rest_route=\/wp\/v2\/posts\/55494\/revisions\/55496"}],"wp:featuredmedia":[{"embeddable":true,"href":"https:\/\/encuentroinformativo.com.mx\/index.php?rest_route=\/wp\/v2\/media\/55495"}],"wp:attachment":[{"href":"https:\/\/encuentroinformativo.com.mx\/index.php?rest_route=%2Fwp%2Fv2%2Fmedia&parent=55494"}],"wp:term":[{"taxonomy":"category","embeddable":true,"href":"https:\/\/encuentroinformativo.com.mx\/index.php?rest_route=%2Fwp%2Fv2%2Fcategories&post=55494"},{"taxonomy":"post_tag","embeddable":true,"href":"https:\/\/encuentroinformativo.com.mx\/index.php?rest_route=%2Fwp%2Fv2%2Ftags&post=55494"}],"curies":[{"name":"wp","href":"https:\/\/api.w.org\/{rel}","templated":true}]}}