{"id":5550,"date":"2020-09-04T08:48:09","date_gmt":"2020-09-04T13:48:09","guid":{"rendered":"https:\/\/encuentroinformativo.com\/?p=5550"},"modified":"2020-09-04T08:48:11","modified_gmt":"2020-09-04T13:48:11","slug":"con-la-panalera-al-hombro","status":"publish","type":"post","link":"https:\/\/encuentroinformativo.com.mx\/?p=5550","title":{"rendered":"Con la pa\u00f1alera al hombro"},"content":{"rendered":"\n<p><strong>Los Pol\u00edticos<\/strong><\/p>\n\n\n\n<p><strong>Salvador Mu\u00f1oz<\/strong><br><\/p>\n\n\n\n<p>A diferencia de Veracruz Puerto, donde Morena tiene en claro qui\u00e9n es su candidata a la presidencia municipal para esta 2021, con Rosa Mar\u00eda Hern\u00e1ndez Espejo; en Boca del R\u00edo, al empresario Ram\u00f3n \u00c1lvarez le podr\u00eda salir competencia, sea al interior del partido o al exterior, dependiendo si hacen alianza con el Verde o igual, aunque el PVEM vaya solo. El asunto es que en el Verde ven en Andrea Yunes Yunes a su mejor carta para competir por la alcald\u00eda boque\u00f1a\u2026 aunque no falta en el partido de AMLO como en el del Tuc\u00e1n que ya descarten a la diputada local para entrarle a las elecciones como figura principal\u2026 \u00bfpor qu\u00e9? \u00a1Por Many!<\/p>\n\n\n\n<p>Many es Mar\u00eda Andrea, la peque\u00f1a que acaba de darle m\u00e1s luz al matrimonio conformado por Andrea y Carlos Nosti.<\/p>\n\n\n\n<p>Si bien, la doctora Andrea hasta este momento no ha externado ninguna expresi\u00f3n o inter\u00e9s en participar en las pr\u00f3ximas elecciones, el descarte que le hacen, si bien se puede tomar con buenas intenciones, no deja de rayar un poco en un acto mis\u00f3gino, machista\u2026<\/p>\n\n\n\n<p>Por cierto, este tipo de \u201cexclusiones maternales\u201d en estos tiempos con un pie en el proceso electoral del 2021, no s\u00f3lo alcanzan a Andrea, sino tambi\u00e9n a Indira Rosales, que por su embarazo, hubo ya quienes la dejan fuera de la contienda por la candidatura a la alcald\u00eda del Puerto para poner esta lid entre Mariana Dunyaska, Marijos\u00e9 Gamboa y Bingen Rementer\u00eda\u2026<\/p>\n\n\n\n<p>Insisto: descartar a ambas damas aun \u201ccon buenas intenciones\u201d que enfocan al cuidado tanto del embarazo de una como el de la atenci\u00f3n a Many de la otra, me sigue pareciendo un poco machista\u2026 eso s\u00ed, la decisi\u00f3n de participar o no, ya lo dar\u00e1n a conocer en su momento cada una de ellas, aunque ambas condiciones en que se encuentran, tanto la Senadora como la Diputada, hacen recordar a otra pol\u00edtica que ya hace casi tres a\u00f1os, lleg\u00f3 con su beb\u00e9 para registrarse como candidata a diputada local\u2026 No faltaron los comentarios agrios, despectivos, tanto de hombres y mujeres, en contra de esta madre que decidi\u00f3 competir en esas elecciones con beb\u00e9 de pecho.<\/p>\n\n\n\n<p>Durante la campa\u00f1a no vari\u00f3 mucho\u2026 cuando el recorrido era cerca de casa, la peque\u00f1a Mila iba en el fular, rebozo o aguayo, ya al frente o ya en la espalda, dependiendo del reclamo de la peque\u00f1a; al hombro, la pa\u00f1alera cargada con los aditamentos propios de las necesidades de una beb\u00e9\u2026 si el recorrido era m\u00e1s largo, la nena se quedaba en casa, pero ah\u00ed iba la mochila con otro equipo especial: el extractor de leche materna. Las mujeres que han amamantado han de entender a la perfecci\u00f3n la sensaci\u00f3n en sus pechos y la urgente necesidad de utilizar los extractores.<\/p>\n\n\n\n<p>\u00a1Vamos! en pocas palabras, ni un embarazo ni la maternidad pueden ser vistos como impedimento para que una mujer participe, si ella quiere, en uno de los ejercicios democr\u00e1ticos que gozan los mexicanos: el derecho a ser elegido\u2026 o elegida, y eso lo llev\u00f3 a su m\u00e1xima expresi\u00f3n Ivonne Trujillo Ortiz.<\/p>\n\n\n\n<p>Ivonne enfrent\u00f3 la violencia de g\u00e9nero en todo su esplendor&#8230; por ser mujer, por ser joven y \u00a1hasta por ser madre!<\/p>\n\n\n\n<p>Luego entonces, si Indira y Andrea tienen aspiraciones para contender, y as\u00ed haya comentarios que las descarten, \u201cde buena leche\u201d o encajados en una cultura machista no entendida, esta peque\u00f1a an\u00e9cdota de Ivonne Trujillo Ortiz puede ser un aliciente, no s\u00f3lo para ellas, sino para cualquier otra mujer que luche por sus sue\u00f1os: ni el embarazo ni la maternidad son impedimentos para ello\u2026 al contrario, si se trata de buscar cambiar al mundo, hacerlo un lugar mejor para las futuras generaciones, qu\u00e9 mejor que teniendo como inspiraci\u00f3n un golpecito en el vientre, o en el fular, el llanto de una peque\u00f1a a medio discurso, reclamando que le den pecho\u2026 de esto, es posible que no faltando mucho, la misma diputada Ivonne Trujillo nos cuente y tambi\u00e9n platique a Indira o Andrea lo que es una campa\u00f1a \u201cCon la pa\u00f1alera al hombro\u201d&#8230;<br><\/p>\n\n\n\n<p><a href=\"mailto:smcainito@gmail.com\" target=\"_blank\" rel=\"noreferrer noopener\">smcainito@gmail.com<\/a><\/p>\n","protected":false},"excerpt":{"rendered":"<p>Los Pol\u00edticos Salvador Mu\u00f1oz A diferencia de Veracruz Puerto, donde Morena tiene en claro qui\u00e9n es su candidata a la presidencia municipal para esta 2021, con Rosa Mar\u00eda Hern\u00e1ndez Espejo; en Boca del R\u00edo, al empresario Ram\u00f3n \u00c1lvarez le podr\u00eda salir competencia, sea al interior del partido o al exterior, dependiendo si hacen alianza con [&hellip;]<\/p>\n","protected":false},"author":1,"featured_media":387,"comment_status":"open","ping_status":"open","sticky":false,"template":"","format":"standard","meta":{"_jetpack_memberships_contains_paid_content":false,"footnotes":""},"categories":[11],"tags":[],"class_list":["post-5550","post","type-post","status-publish","format-standard","has-post-thumbnail","hentry","category-opinion"],"jetpack_featured_media_url":"https:\/\/encuentroinformativo.com.mx\/wp-content\/uploads\/2020\/03\/7CF8A22B-2764-47BE-8F7F-38FE9E5D6A2F.jpeg","jetpack_sharing_enabled":true,"jetpack_likes_enabled":true,"amp_enabled":true,"_links":{"self":[{"href":"https:\/\/encuentroinformativo.com.mx\/index.php?rest_route=\/wp\/v2\/posts\/5550","targetHints":{"allow":["GET"]}}],"collection":[{"href":"https:\/\/encuentroinformativo.com.mx\/index.php?rest_route=\/wp\/v2\/posts"}],"about":[{"href":"https:\/\/encuentroinformativo.com.mx\/index.php?rest_route=\/wp\/v2\/types\/post"}],"author":[{"embeddable":true,"href":"https:\/\/encuentroinformativo.com.mx\/index.php?rest_route=\/wp\/v2\/users\/1"}],"replies":[{"embeddable":true,"href":"https:\/\/encuentroinformativo.com.mx\/index.php?rest_route=%2Fwp%2Fv2%2Fcomments&post=5550"}],"version-history":[{"count":1,"href":"https:\/\/encuentroinformativo.com.mx\/index.php?rest_route=\/wp\/v2\/posts\/5550\/revisions"}],"predecessor-version":[{"id":5551,"href":"https:\/\/encuentroinformativo.com.mx\/index.php?rest_route=\/wp\/v2\/posts\/5550\/revisions\/5551"}],"wp:featuredmedia":[{"embeddable":true,"href":"https:\/\/encuentroinformativo.com.mx\/index.php?rest_route=\/wp\/v2\/media\/387"}],"wp:attachment":[{"href":"https:\/\/encuentroinformativo.com.mx\/index.php?rest_route=%2Fwp%2Fv2%2Fmedia&parent=5550"}],"wp:term":[{"taxonomy":"category","embeddable":true,"href":"https:\/\/encuentroinformativo.com.mx\/index.php?rest_route=%2Fwp%2Fv2%2Fcategories&post=5550"},{"taxonomy":"post_tag","embeddable":true,"href":"https:\/\/encuentroinformativo.com.mx\/index.php?rest_route=%2Fwp%2Fv2%2Ftags&post=5550"}],"curies":[{"name":"wp","href":"https:\/\/api.w.org\/{rel}","templated":true}]}}