{"id":55503,"date":"2024-06-10T13:53:11","date_gmt":"2024-06-10T19:53:11","guid":{"rendered":"https:\/\/encuentroinformativo.com.mx\/?p=55503"},"modified":"2024-06-10T13:53:19","modified_gmt":"2024-06-10T19:53:19","slug":"alvarado-presa-de-la-inseguridad-denuncian-ciudadanos","status":"publish","type":"post","link":"https:\/\/encuentroinformativo.com.mx\/?p=55503","title":{"rendered":"Alvarado presa de la inseguridad denuncian ciudadanos"},"content":{"rendered":"\n<p><strong>Alejandro \u00c1vila<\/strong><\/p>\n\n\n\n<p>Alvarado, Ver.- El municipio de Alvarado ha sido presa de la inseguridad, situaci\u00f3n que ha aumentado en las \u00faltimas semanas denuncian ciudadanos en redes sociales.<\/p>\n\n\n\n<p>El pasado fin de semana un joven fue detenido por los ciudadanos de la localidad de Paso Nacional, y es a quien presuntamente le atribuyen varios robos en la zona, aunque ante el nulo apoyo de la Polic\u00eda, decidieron amarrarlo a un poste y a punto estuvieron del lincharlo.<\/p>\n\n\n\n<p>Tambi\u00e9n este fin de semana fueron identificados cuatro sujetos que robaron dos viviendas en la zona de la Riviera Veracruzana, espec\u00edficamente en el fraccionamiento Lomas del Sol; a punto estuvieron de robar una tercer vivienda, sin embargo, al darse cuenta de que fueron captados por las c\u00e1maras de vigilancia decidieron huir del lugar.<\/p>\n\n\n\n<p>Los propios ciudadanos del municipio de Alvarado han denunciado que Comandante de la Polic\u00eda Municipal, Josu\u00e9 Ch\u00e1vez Mateos con claves &#8220;Mandinga&#8221;, poco y nada ha hecho para reducir la inseguridad en el municipio; en cambio durante la Ley Seca s\u00ed estuvo muy atento de vender bebidas alcoh\u00f3licas de forma clandestina a trav\u00e9s de su n\u00famero personal de WhatsApp.<\/p>\n","protected":false},"excerpt":{"rendered":"<p>Alejandro \u00c1vila Alvarado, Ver.- El municipio de Alvarado ha sido presa de la inseguridad, situaci\u00f3n que ha aumentado en las \u00faltimas semanas denuncian ciudadanos en redes sociales. El pasado fin de semana un joven fue detenido por los ciudadanos de la localidad de Paso Nacional, y es a quien presuntamente le atribuyen varios robos en [&hellip;]<\/p>\n","protected":false},"author":2476,"featured_media":55504,"comment_status":"open","ping_status":"open","sticky":false,"template":"","format":"standard","meta":{"_jetpack_memberships_contains_paid_content":false,"footnotes":""},"categories":[2],"tags":[],"class_list":["post-55503","post","type-post","status-publish","format-standard","has-post-thumbnail","hentry","category-estado"],"jetpack_featured_media_url":"https:\/\/encuentroinformativo.com.mx\/wp-content\/uploads\/2024\/06\/IMG-20240610-WA0052.jpg","jetpack_sharing_enabled":true,"jetpack_likes_enabled":true,"amp_enabled":true,"_links":{"self":[{"href":"https:\/\/encuentroinformativo.com.mx\/index.php?rest_route=\/wp\/v2\/posts\/55503","targetHints":{"allow":["GET"]}}],"collection":[{"href":"https:\/\/encuentroinformativo.com.mx\/index.php?rest_route=\/wp\/v2\/posts"}],"about":[{"href":"https:\/\/encuentroinformativo.com.mx\/index.php?rest_route=\/wp\/v2\/types\/post"}],"author":[{"embeddable":true,"href":"https:\/\/encuentroinformativo.com.mx\/index.php?rest_route=\/wp\/v2\/users\/2476"}],"replies":[{"embeddable":true,"href":"https:\/\/encuentroinformativo.com.mx\/index.php?rest_route=%2Fwp%2Fv2%2Fcomments&post=55503"}],"version-history":[{"count":1,"href":"https:\/\/encuentroinformativo.com.mx\/index.php?rest_route=\/wp\/v2\/posts\/55503\/revisions"}],"predecessor-version":[{"id":55505,"href":"https:\/\/encuentroinformativo.com.mx\/index.php?rest_route=\/wp\/v2\/posts\/55503\/revisions\/55505"}],"wp:featuredmedia":[{"embeddable":true,"href":"https:\/\/encuentroinformativo.com.mx\/index.php?rest_route=\/wp\/v2\/media\/55504"}],"wp:attachment":[{"href":"https:\/\/encuentroinformativo.com.mx\/index.php?rest_route=%2Fwp%2Fv2%2Fmedia&parent=55503"}],"wp:term":[{"taxonomy":"category","embeddable":true,"href":"https:\/\/encuentroinformativo.com.mx\/index.php?rest_route=%2Fwp%2Fv2%2Fcategories&post=55503"},{"taxonomy":"post_tag","embeddable":true,"href":"https:\/\/encuentroinformativo.com.mx\/index.php?rest_route=%2Fwp%2Fv2%2Ftags&post=55503"}],"curies":[{"name":"wp","href":"https:\/\/api.w.org\/{rel}","templated":true}]}}