{"id":55506,"date":"2024-06-10T14:02:02","date_gmt":"2024-06-10T20:02:02","guid":{"rendered":"https:\/\/encuentroinformativo.com.mx\/?p=55506"},"modified":"2024-06-10T14:02:11","modified_gmt":"2024-06-10T20:02:11","slug":"mago-de-oz-conquista-a-veracruz-con-su-rock-metales-y-ritmos-celtas","status":"publish","type":"post","link":"https:\/\/encuentroinformativo.com.mx\/?p=55506","title":{"rendered":"Mago de Oz conquista a Veracruz con su rock, metales y ritmos celtas"},"content":{"rendered":"\n<p><strong>Alejandro \u00c1vila<\/strong><\/p>\n\n\n\n<p>Veracruz, Ver.- La agrupaci\u00f3n espa\u00f1ola, Mago de Oz, que inici\u00f3 su tour &#8220;Feliz No Cumplea\u00f1os&#8221; el 14 de abril en su ciudad natal Madrid, con un concierto gratuito en La Riviera, conquist\u00f3 a sus fans jarochos este domingo 9 de junio con ritmos de rock, metal, celtas y folk, concierto ofrecido en la Arena Veracruz de Boca del R\u00edo.<\/p>\n\n\n\n<p>\u201cAlicia en el metalverso\u201d, \u201cLuna de sangre\u201d, \u201cEl paseo de los tristes\u201d, \u201cLa venganza de Gaia\u201d, \u201cAkelarre\u201d, \u201cPor si un d\u00eda te pierdes\u201d, \u201cHasta que el cuerpo aguante\u201d, fueron las primeras rolas que Mago de Oz cant\u00f3 para su p\u00fablico veracruzano que en ning\u00fan momento dej\u00f3 de ovacionarlos y corear las letras de sus canciones.<\/p>\n\n\n\n<p>\u201cGracias por estar acompa\u00f1\u00e1ndonos en esta noche, vaya que hace calor en Veracruz. Arranquemos con todo\u201d, dijo Rafa Blas, vocalista de la agrupaci\u00f3n.<\/p>\n\n\n\n<p>Esta noche sonaron m\u00e1s \u00e9xitos como: \u201cEl aplauso herido\u201d, \u201cMolinos de viento\u201d, \u201cGaia\u201d, \u201cSeremos hurac\u00e1n\u201d, \u201cLa costa del silencio\u201d, entre muchas otras, cerrando esta majestuosa noche con \u201cFiesta pagana\u201d.<\/p>\n\n\n\n<p>Los integrantes de Mago de Oz: Txus di Fellatio, Carlos Prieto Mohamed, Jorge Sal\u00e1n, V\u00edctor de Andr\u00e9s, Fernando Mainer, Francesco Antonelli, Josema Pizarro, Rafa Blas y Xana Lavey, se mostraron muy emocionados de cantar para su p\u00fablico veracruzano.<\/p>\n\n\n\n<p>Con una carrera que abarca m\u00e1s de tres d\u00e9cadas, Mago de Oz ha dejado una marca indeleble en la escena musical global al fusionar el rock con influencias folk y celtas.<\/p>\n\n\n\n<p>Cabe se\u00f1alar que la gira \u201cFeliz No Cumplea\u00f1os Tour 2024&#8243; de Mago de Oz lleg\u00f3 a Veracruz gracias a FM Producciones.<\/p>\n","protected":false},"excerpt":{"rendered":"<p>Alejandro \u00c1vila Veracruz, Ver.- La agrupaci\u00f3n espa\u00f1ola, Mago de Oz, que inici\u00f3 su tour &#8220;Feliz No Cumplea\u00f1os&#8221; el 14 de abril en su ciudad natal Madrid, con un concierto gratuito en La Riviera, conquist\u00f3 a sus fans jarochos este domingo 9 de junio con ritmos de rock, metal, celtas y folk, concierto ofrecido en la [&hellip;]<\/p>\n","protected":false},"author":2476,"featured_media":55507,"comment_status":"open","ping_status":"open","sticky":false,"template":"","format":"standard","meta":{"_jetpack_memberships_contains_paid_content":false,"footnotes":""},"categories":[2],"tags":[],"class_list":["post-55506","post","type-post","status-publish","format-standard","has-post-thumbnail","hentry","category-estado"],"jetpack_featured_media_url":"https:\/\/encuentroinformativo.com.mx\/wp-content\/uploads\/2024\/06\/IMG-20240610-WA0061.jpg","jetpack_sharing_enabled":true,"jetpack_likes_enabled":true,"amp_enabled":true,"_links":{"self":[{"href":"https:\/\/encuentroinformativo.com.mx\/index.php?rest_route=\/wp\/v2\/posts\/55506","targetHints":{"allow":["GET"]}}],"collection":[{"href":"https:\/\/encuentroinformativo.com.mx\/index.php?rest_route=\/wp\/v2\/posts"}],"about":[{"href":"https:\/\/encuentroinformativo.com.mx\/index.php?rest_route=\/wp\/v2\/types\/post"}],"author":[{"embeddable":true,"href":"https:\/\/encuentroinformativo.com.mx\/index.php?rest_route=\/wp\/v2\/users\/2476"}],"replies":[{"embeddable":true,"href":"https:\/\/encuentroinformativo.com.mx\/index.php?rest_route=%2Fwp%2Fv2%2Fcomments&post=55506"}],"version-history":[{"count":1,"href":"https:\/\/encuentroinformativo.com.mx\/index.php?rest_route=\/wp\/v2\/posts\/55506\/revisions"}],"predecessor-version":[{"id":55508,"href":"https:\/\/encuentroinformativo.com.mx\/index.php?rest_route=\/wp\/v2\/posts\/55506\/revisions\/55508"}],"wp:featuredmedia":[{"embeddable":true,"href":"https:\/\/encuentroinformativo.com.mx\/index.php?rest_route=\/wp\/v2\/media\/55507"}],"wp:attachment":[{"href":"https:\/\/encuentroinformativo.com.mx\/index.php?rest_route=%2Fwp%2Fv2%2Fmedia&parent=55506"}],"wp:term":[{"taxonomy":"category","embeddable":true,"href":"https:\/\/encuentroinformativo.com.mx\/index.php?rest_route=%2Fwp%2Fv2%2Fcategories&post=55506"},{"taxonomy":"post_tag","embeddable":true,"href":"https:\/\/encuentroinformativo.com.mx\/index.php?rest_route=%2Fwp%2Fv2%2Ftags&post=55506"}],"curies":[{"name":"wp","href":"https:\/\/api.w.org\/{rel}","templated":true}]}}