{"id":55509,"date":"2024-06-10T14:17:13","date_gmt":"2024-06-10T20:17:13","guid":{"rendered":"https:\/\/encuentroinformativo.com.mx\/?p=55509"},"modified":"2024-06-10T14:17:22","modified_gmt":"2024-06-10T20:17:22","slug":"confian-que-proximo-gobierno-liquide-adeudo-con-crit-poza-rica","status":"publish","type":"post","link":"https:\/\/encuentroinformativo.com.mx\/?p=55509","title":{"rendered":"Conf\u00edan que pr\u00f3ximo gobierno liquide adeudo con CRIT Poza Rica"},"content":{"rendered":"\n<p><strong>Alejandro \u00c1vila<\/strong><\/p>\n\n\n\n<p>Poza Rica, Ver.- Desde el 2021, el Gobierno de Veracruz que encabeza Cuitl\u00e1huac Garc\u00eda Jim\u00e9nez, dej\u00f3 de entregar el recurso de 20 millones de pesos al CRIT de Poza Rica.<\/p>\n\n\n\n<p>Desde esa fecha, el Centro de Rehabilitaci\u00f3n e Inclusi\u00f3n Infantil Telet\u00f3n (CRIT), ha tenido problemas para brindar una atenci\u00f3n apropiada a los 1 200 pacientes y, evidentemente, no ha podido autorizar el ingreso de los 200 ni\u00f1os que est\u00e1n en lista de espera.<\/p>\n\n\n\n<p>El director general, Ren\u00e9 Zavaleta Mora, asegur\u00f3 que buscar\u00e1n un di\u00e1logo con la gobernadora electa, Roc\u00edo Nahle Garc\u00eda, para que esta s\u00ed cumpla con el convenio establecido desde Gobierno Federal, y de esta manera se puedan mejorar las condiciones de atenci\u00f3n de los peque\u00f1os veracruzanos.<\/p>\n\n\n\n<p>&#8220;Si se logra renovar el convenio y se entregan los recursos, podemos incrementar la atenci\u00f3n a los menores que necesitan nuestra ayuda&#8221;, expres\u00f3.<\/p>\n\n\n\n<p>El director general tambi\u00e9n mencion\u00f3 que, en caso de no recibir los recursos, el CRIT podr\u00eda verse en la necesidad de buscar nuevas formas de obtener recursos. Tambi\u00e9n subray\u00f3 que se buscar\u00e1 el acercamiento con legisladores electos y el gobierno federal, para renovar el convenio de colaboraci\u00f3n con Bienestar.<\/p>\n","protected":false},"excerpt":{"rendered":"<p>Alejandro \u00c1vila Poza Rica, Ver.- Desde el 2021, el Gobierno de Veracruz que encabeza Cuitl\u00e1huac Garc\u00eda Jim\u00e9nez, dej\u00f3 de entregar el recurso de 20 millones de pesos al CRIT de Poza Rica. Desde esa fecha, el Centro de Rehabilitaci\u00f3n e Inclusi\u00f3n Infantil Telet\u00f3n (CRIT), ha tenido problemas para brindar una atenci\u00f3n apropiada a los 1 [&hellip;]<\/p>\n","protected":false},"author":2476,"featured_media":55510,"comment_status":"open","ping_status":"open","sticky":false,"template":"","format":"standard","meta":{"_jetpack_memberships_contains_paid_content":false,"footnotes":""},"categories":[2],"tags":[],"class_list":["post-55509","post","type-post","status-publish","format-standard","has-post-thumbnail","hentry","category-estado"],"jetpack_featured_media_url":"https:\/\/encuentroinformativo.com.mx\/wp-content\/uploads\/2024\/06\/IMG-20240610-WA0057.jpg","jetpack_sharing_enabled":true,"jetpack_likes_enabled":true,"amp_enabled":true,"_links":{"self":[{"href":"https:\/\/encuentroinformativo.com.mx\/index.php?rest_route=\/wp\/v2\/posts\/55509","targetHints":{"allow":["GET"]}}],"collection":[{"href":"https:\/\/encuentroinformativo.com.mx\/index.php?rest_route=\/wp\/v2\/posts"}],"about":[{"href":"https:\/\/encuentroinformativo.com.mx\/index.php?rest_route=\/wp\/v2\/types\/post"}],"author":[{"embeddable":true,"href":"https:\/\/encuentroinformativo.com.mx\/index.php?rest_route=\/wp\/v2\/users\/2476"}],"replies":[{"embeddable":true,"href":"https:\/\/encuentroinformativo.com.mx\/index.php?rest_route=%2Fwp%2Fv2%2Fcomments&post=55509"}],"version-history":[{"count":1,"href":"https:\/\/encuentroinformativo.com.mx\/index.php?rest_route=\/wp\/v2\/posts\/55509\/revisions"}],"predecessor-version":[{"id":55511,"href":"https:\/\/encuentroinformativo.com.mx\/index.php?rest_route=\/wp\/v2\/posts\/55509\/revisions\/55511"}],"wp:featuredmedia":[{"embeddable":true,"href":"https:\/\/encuentroinformativo.com.mx\/index.php?rest_route=\/wp\/v2\/media\/55510"}],"wp:attachment":[{"href":"https:\/\/encuentroinformativo.com.mx\/index.php?rest_route=%2Fwp%2Fv2%2Fmedia&parent=55509"}],"wp:term":[{"taxonomy":"category","embeddable":true,"href":"https:\/\/encuentroinformativo.com.mx\/index.php?rest_route=%2Fwp%2Fv2%2Fcategories&post=55509"},{"taxonomy":"post_tag","embeddable":true,"href":"https:\/\/encuentroinformativo.com.mx\/index.php?rest_route=%2Fwp%2Fv2%2Ftags&post=55509"}],"curies":[{"name":"wp","href":"https:\/\/api.w.org\/{rel}","templated":true}]}}