{"id":5552,"date":"2020-09-04T09:41:36","date_gmt":"2020-09-04T14:41:36","guid":{"rendered":"https:\/\/encuentroinformativo.com\/?p=5552"},"modified":"2020-09-04T09:41:38","modified_gmt":"2020-09-04T14:41:38","slug":"a-marcelo-se-le-antoja-la-verde-de-manuel","status":"publish","type":"post","link":"https:\/\/encuentroinformativo.com.mx\/?p=5552","title":{"rendered":"\u00bfA MARCELO SE LE ANTOJA LA VERDE DE MANUEL?"},"content":{"rendered":"\n<ul class=\"wp-block-list\"><li>Lagrimitas y pucheros en el gabinete.<\/li><li>Mensaje de la jueza que encerr\u00f3 a Duartistas.<\/li><li>La lucha sigue\u2026 entre los Yunes.<\/li><\/ul>\n\n\n\n<p>Ya se destap\u00f3 el Chiquistriquis y anda hasta ofreciendo 10 mil pesotes pa\u2019 que le digan sus verdades<br>\n&#8211;Chopenjawer<\/p>\n\n\n\n<p>Cuando fue alcalde de Coatzacoalcos por primera vez, se hizo notar porque ten\u00eda una camisa color esmeralda que le gener\u00f3 varios apodos como la &#8220;Chica Lager&#8221;, &#8220;La Iguana&#8221;, etc.<\/p>\n\n\n\n<p>Las reporteras enamoradas de su porte, dec\u00edan que era para combinar con sus bellos ojos pispiretos y su coqueto bigotito a la Mauricio Garc\u00e9s.<\/p>\n\n\n\n<p>Marcelo Montiel as\u00ed se uniformaba a diario, con su camisa verde de manga corta y su pantal\u00f3n &#8220;beish&#8221;, y andaba as\u00ed por todos lados. Pocas veces, al menos en su primer periodo, se le vio con otra ropa o trajes.<\/p>\n\n\n\n<p>As\u00ed construy\u00f3 su imagen, apoyada mucho en los entonces j\u00f3venes de la \u00e9poca, recuperando Coatza para el PRI, luego de que el perredista Armando Rotter Maldonado no pudiera sostener la joya de la corona del sur.<\/p>\n\n\n\n<p>De hecho, en esa ocasi\u00f3n fue debut y despedida del PRD en muchos ayuntamientos veracruzanos. Fue su \u00fanica temporada donde tuvo mucho apoyo ciudadano, contagiados por lo que pasaba en el Distrito Federal, donde fue elegido (por primera vez en la historia), el jefe de Gobierno, ganando Cuauht\u00e9moc C\u00e1rdenas, el hijo del Tata L\u00e1zaro.<\/p>\n\n\n\n<p>Pero los malos gobiernos perredistas simplemente tronaron y los priistas decidieron echar toda la carne al asador para recuperar ayuntamientos importantes, como el caso de Coatzacoalcos.<\/p>\n\n\n\n<p>En ese primer periodo de cuatro a\u00f1os, Marcelo realiz\u00f3 mucha obra y fue de los \u00faltimos alcaldes que logr\u00f3 consolidarse como jefe pol\u00edtico del municipio que se estaba convirtiendo en una de las ciudades m\u00e1s importantes del sureste del pa\u00eds, no s\u00f3lo por el puerto industrial, sino porque estaba creciendo en materia hotelera y de servicios tur\u00edsticos.<\/p>\n\n\n\n<p>De igual manera, nunca faltaron los se\u00f1alamientos de que, as\u00ed como ten\u00eda una administraci\u00f3n notable, tambi\u00e9n se estaban enriqueciendo el alcalde y a su gente m\u00e1s cercana, muy cercana.<\/p>\n\n\n\n<p>Pese a los se\u00f1alamientos, se puede decir que Marcelo logr\u00f3 colocar a mucha de su gente en el poder municipal por cerca de 10 a\u00f1os; incluso fue llevado al gabinete estatal de Fidel Herrera Beltr\u00e1n, quien a su vez lo hizo diputado local y nuevamente alcalde.<\/p>\n\n\n\n<p>Con Javier Duarte tambi\u00e9n se convirti\u00f3 en secretario de Desarrollo Social y posteriormente delegado federal, hasta donde lleg\u00f3 su carrera pol\u00edtica y como servidor p\u00fablico m\u00e1s reciente.<\/p>\n\n\n\n<p>Se puede decir que los fidelistas\/duartistas (entre otros grup\u00fasculos del PRI) bloquearon a Marcelo en sus aspiraciones a la gubernatura, uno de sus sue\u00f1os frustrados, aunado a las consecuentes circunstancias donde el PRI literalmente perdi\u00f3 el poder en Veracruz y ahora hasta parece m\u00e1s un partidito sat\u00e9lite del exgobernador Miguel \u00c1ngel Yunes Linares, listo para hacer alianza cuando se lo ordenen.<\/p>\n\n\n\n<p>Ahora trasciende que Marcelo quiere otra vez sentir la verde\u2026 la camiseta verde de Manuel Velasco Coello, quien a nivel nacional es el factor de poder en el Partido Verde Ecologista de M\u00e9xico (PVEM), partido que en Veracruz es un refugio de los priistas que no quieren que los llamen as\u00ed.<\/p>\n\n\n\n<p>Seg\u00fan se comenta en los caf\u00e9s del antiguo Puerto M\u00e9xico, Montiel Montiel estar\u00eda buscando al exgobernador chiapaneco para congraciarse con la 4T y as\u00ed buscar, bajo estas siglas, un pr\u00f3ximo cargo pol\u00edtico, que podr\u00eda ser precisamente la alcald\u00eda, donde mejor se mueve para otra vez sentir la verde.<\/p>\n\n\n\n<p>En este sentido, habr\u00eda que ver si Marcelo todav\u00eda tiene el mismo gas (se sabe que estuvo muy gravemente enfermo) y entusiasmo para volver a tomar las riendas del Palacio Municipal; de igual manera le crecieron los enanos, pues sus m\u00e1s cercanos efebos le crecieron y se le treparon a las barbas, por lo que su posici\u00f3n como &#8220;jefe pol\u00edtico&#8221; se debilit\u00f3 mucho.<\/p>\n\n\n\n<p>\u00bfSer\u00e1 que vaya a dejar su lujoso depa de la avenida Reforma all\u00e1 en la CDMX? Chance y en una de esas, ante un alcalde de Coatzacoalcos que tiene la misma capacidad intelectual de una papa enterrada, hasta gana.<\/p>\n\n\n\n<p><strong>NOTA PARA PEGAR EN EL REFRI:<\/strong> Que a varios del gabinete estatal se les escurri\u00f3 una lagrimita e hicieron puchero cuando oyeron decir al gober que, con la pena, pero se van a tener que quedar los seis a\u00f1os trabajando en el Gobierno del Estado porque no hay chance para irse de candidatos a un puesto de elecci\u00f3n popular. Lo anterior es congruente con la 4T en el sentido de que, a diferencia de lo que se hac\u00eda en el pasado, aqu\u00ed hacen exactamente lo contrario.<\/p>\n\n\n\n<p><strong>OTRA NOTA: <\/strong>Que a muchos les pareci\u00f3 extra\u00f1o el mensaje que puso en el Feis la jueza que encarcel\u00f3 (con corta prisi\u00f3n preventiva) a medio gabinete del exgobernador Javier Duarte. Y es que Alma Aleida Sosa Jim\u00e9nez poste\u00f3 en su cuenta: &#8220;Dios existe, estaba con un depredador y no lo advert\u00eda, hoy mis ojos se abrieron al fin!&#8221;\u2026 Dicen los malosos de la grilla: &#8220;\u00bfAcaso se habr\u00e1 referido a Cascarita?&#8221;.<\/p>\n\n\n\n<p><strong>LA \u00daLTIMA PORQUE YA ES VIEEEERNES (D\u00cdGANLE A MI CRUSH QUE LA ADORO): <\/strong>\u00bfSer\u00e1 que el presidente municipal de Veracruz, Fernando Yunes, ya no le ve futuro a su carnal Miguel? \u00bfDe plano ya lo sac\u00f3 de la candidatura a la gubernatura de Veracruz en 2024? Y es que ya el alcalde ya anda en campa\u00f1a, autodestap\u00e1ndose, y de paso descartando a su propio hermano\u2026 La lucha sigue, hasta entre carnalitos\u2026 \u00a1Pa&#8217; vatos!<br><\/p>\n\n\n\n<p><strong> @pablojair<\/strong><\/p>\n","protected":false},"excerpt":{"rendered":"<p>Lagrimitas y pucheros en el gabinete. Mensaje de la jueza que encerr\u00f3 a Duartistas. La lucha sigue\u2026 entre los Yunes. Ya se destap\u00f3 el Chiquistriquis y anda hasta ofreciendo 10 mil pesotes pa\u2019 que le digan sus verdades &#8211;Chopenjawer Cuando fue alcalde de Coatzacoalcos por primera vez, se hizo notar porque ten\u00eda una camisa color [&hellip;]<\/p>\n","protected":false},"author":1,"featured_media":488,"comment_status":"open","ping_status":"open","sticky":false,"template":"","format":"standard","meta":{"_jetpack_memberships_contains_paid_content":false,"footnotes":""},"categories":[11],"tags":[],"class_list":["post-5552","post","type-post","status-publish","format-standard","has-post-thumbnail","hentry","category-opinion"],"jetpack_featured_media_url":"https:\/\/encuentroinformativo.com.mx\/wp-content\/uploads\/2020\/03\/F471F608-BA1A-416B-BA7B-BCFB24F4E6D0.jpeg","jetpack_sharing_enabled":true,"jetpack_likes_enabled":true,"amp_enabled":true,"_links":{"self":[{"href":"https:\/\/encuentroinformativo.com.mx\/index.php?rest_route=\/wp\/v2\/posts\/5552","targetHints":{"allow":["GET"]}}],"collection":[{"href":"https:\/\/encuentroinformativo.com.mx\/index.php?rest_route=\/wp\/v2\/posts"}],"about":[{"href":"https:\/\/encuentroinformativo.com.mx\/index.php?rest_route=\/wp\/v2\/types\/post"}],"author":[{"embeddable":true,"href":"https:\/\/encuentroinformativo.com.mx\/index.php?rest_route=\/wp\/v2\/users\/1"}],"replies":[{"embeddable":true,"href":"https:\/\/encuentroinformativo.com.mx\/index.php?rest_route=%2Fwp%2Fv2%2Fcomments&post=5552"}],"version-history":[{"count":1,"href":"https:\/\/encuentroinformativo.com.mx\/index.php?rest_route=\/wp\/v2\/posts\/5552\/revisions"}],"predecessor-version":[{"id":5553,"href":"https:\/\/encuentroinformativo.com.mx\/index.php?rest_route=\/wp\/v2\/posts\/5552\/revisions\/5553"}],"wp:featuredmedia":[{"embeddable":true,"href":"https:\/\/encuentroinformativo.com.mx\/index.php?rest_route=\/wp\/v2\/media\/488"}],"wp:attachment":[{"href":"https:\/\/encuentroinformativo.com.mx\/index.php?rest_route=%2Fwp%2Fv2%2Fmedia&parent=5552"}],"wp:term":[{"taxonomy":"category","embeddable":true,"href":"https:\/\/encuentroinformativo.com.mx\/index.php?rest_route=%2Fwp%2Fv2%2Fcategories&post=5552"},{"taxonomy":"post_tag","embeddable":true,"href":"https:\/\/encuentroinformativo.com.mx\/index.php?rest_route=%2Fwp%2Fv2%2Ftags&post=5552"}],"curies":[{"name":"wp","href":"https:\/\/api.w.org\/{rel}","templated":true}]}}