{"id":55527,"date":"2024-06-10T15:57:39","date_gmt":"2024-06-10T21:57:39","guid":{"rendered":"https:\/\/encuentroinformativo.com.mx\/?p=55527"},"modified":"2024-06-10T15:57:45","modified_gmt":"2024-06-10T21:57:45","slug":"regresa-el-programa-audiencias-ciudadanas","status":"publish","type":"post","link":"https:\/\/encuentroinformativo.com.mx\/?p=55527","title":{"rendered":"Regresa el programa Audiencias Ciudadanas"},"content":{"rendered":"\n<p><strong>* Poblaci\u00f3n reconoce el trabajo y sensibilidad social de Ricardo Ahued para solucionar los problemas de la comunidad.<\/strong><\/p>\n\n\n\n<p>Xalapa, Ver.- Como una Administraci\u00f3n Municipal humanista que se preocupa y atiende las necesidades de la gente a partir de una pol\u00edtica de puertas abiertas que antes no se ve\u00eda, calificaron las y los xalape\u00f1os el Programa Audiencias Ciudadanas, que este lunes encabez\u00f3 el presidente municipal Ricardo Ahued Bardahuil en la Sala de Cabildo.<\/p>\n\n\n\n<p>Mediante esta estrategia implementada desde el inicio de su gesti\u00f3n, el alcalde Ricardo Ahued, acompa\u00f1ado de regidoras, regidores y funcionariado municipal, escucha directamente las necesidades de la sociedad para buscar soluciones a los problemas de la comunidad.<\/p>\n\n\n\n<p>Al respecto, Norma Andrea Salas, de la colonia El Moral, expuso que cada vez que con sus vecinos acude a Palacio Municipal las autoridades \u201cnos atienden s\u00faper bien. Son m\u00e1s que nada muy humanos, ven c\u00f3mo darnos una soluci\u00f3n a lo que pedimos, de una manera o de otra, no buscan excusas\u201d.<\/p>\n\n\n\n<p>En este sentido, opin\u00f3 que el Programa Audiencias Ciudadanas s\u00ed est\u00e1 funcionando: \u201cLo que nos gusta es que el Alcalde atiende directamente a la gente, ve nuestras inquietudes, nuestras necesidades. Se lo agradecemos de coraz\u00f3n, porque antes era raro el Alcalde que lo hac\u00eda\u201d.<\/p>\n\n\n\n<p>Destac\u00f3 que el Presidente Municipal es humanista y demuestra con su trabajo su aprecio por la gente: \u201cSin nosotros \u00e9l no estuviera en el lugar donde est\u00e1, pero tambi\u00e9n est\u00e1 demostrando que est\u00e1 para nosotros y nos atiende de coraz\u00f3n\u201d.<\/p>\n\n\n\n<p>El se\u00f1or Andr\u00e9s M\u00e9ndez Condado consider\u00f3 que el Programa Audiencias Ciudadanas es una muy buena iniciativa, pues \u201cnos est\u00e1n apoyando, nos est\u00e1n tomando en cuenta y nos est\u00e1n dando un buen servicio\u201d.<\/p>\n\n\n\n<p>Detall\u00f3 que cada vez que por alguna situaci\u00f3n ha acudido al Palacio Municipal \u201csiempre nos han atendido muy bien; nos dan informaci\u00f3n y nos apoyan\u201d.<\/p>\n\n\n\n<p>Expuso que con otros alcaldes era diferente, ya que a la gente le hac\u00edan \u201cdar m\u00e1s vueltas. Este Alcalde est\u00e1 mejor, est\u00e1 trabajando muy bien. Los tr\u00e1mites son m\u00e1s f\u00e1ciles. Al Presidente Municipal le decimos muchas gracias por la atenci\u00f3n. Ojal\u00e1 que siga trabajando\u201d.<\/p>\n\n\n\n<p>Sara\u00ed Godos Carmona manifest\u00f3 que la atenci\u00f3n del Presidente Municipal en estas jornadas es buena, no como la otros ediles, que a veces parec\u00eda que hu\u00edan o se escond\u00edan de la gente: \u201cRicardo Ahued nos atiende y da respuesta a nuestras necesidades\u201d.<\/p>\n\n\n\n<p>Durante esta jornada vecinas y vecinos de diversas zonas de la ciudad plantearon las principales necesidades de las colonias en que viven, entre las que destacan la pavimentaci\u00f3n de vialidades, la mejora de los servicios p\u00fablicos y la construcci\u00f3n de muros de contenci\u00f3n e infraestructura hidr\u00e1ulica y sanitaria, mismas que se canalizaron a las \u00e1reas correspondientes para su seguimiento y soluci\u00f3n.<\/p>\n\n\n\n<p>Asistieron los regidores Carlos Ortega Murgu\u00eda y Daniel Fern\u00e1ndez Carri\u00f3n; el director de Participaci\u00f3n Ciudadana, Juan Mar\u00edn Viveros, as\u00ed como funcionariado municipal.<\/p>\n","protected":false},"excerpt":{"rendered":"<p>* Poblaci\u00f3n reconoce el trabajo y sensibilidad social de Ricardo Ahued para solucionar los problemas de la comunidad. Xalapa, Ver.- Como una Administraci\u00f3n Municipal humanista que se preocupa y atiende las necesidades de la gente a partir de una pol\u00edtica de puertas abiertas que antes no se ve\u00eda, calificaron las y los xalape\u00f1os el Programa [&hellip;]<\/p>\n","protected":false},"author":2476,"featured_media":55528,"comment_status":"open","ping_status":"open","sticky":false,"template":"","format":"standard","meta":{"_jetpack_memberships_contains_paid_content":false,"footnotes":""},"categories":[3],"tags":[],"class_list":["post-55527","post","type-post","status-publish","format-standard","has-post-thumbnail","hentry","category-xalapa"],"jetpack_featured_media_url":"https:\/\/encuentroinformativo.com.mx\/wp-content\/uploads\/2024\/06\/IMG-20240610-WA0090.jpg","jetpack_sharing_enabled":true,"jetpack_likes_enabled":true,"amp_enabled":true,"_links":{"self":[{"href":"https:\/\/encuentroinformativo.com.mx\/index.php?rest_route=\/wp\/v2\/posts\/55527","targetHints":{"allow":["GET"]}}],"collection":[{"href":"https:\/\/encuentroinformativo.com.mx\/index.php?rest_route=\/wp\/v2\/posts"}],"about":[{"href":"https:\/\/encuentroinformativo.com.mx\/index.php?rest_route=\/wp\/v2\/types\/post"}],"author":[{"embeddable":true,"href":"https:\/\/encuentroinformativo.com.mx\/index.php?rest_route=\/wp\/v2\/users\/2476"}],"replies":[{"embeddable":true,"href":"https:\/\/encuentroinformativo.com.mx\/index.php?rest_route=%2Fwp%2Fv2%2Fcomments&post=55527"}],"version-history":[{"count":1,"href":"https:\/\/encuentroinformativo.com.mx\/index.php?rest_route=\/wp\/v2\/posts\/55527\/revisions"}],"predecessor-version":[{"id":55529,"href":"https:\/\/encuentroinformativo.com.mx\/index.php?rest_route=\/wp\/v2\/posts\/55527\/revisions\/55529"}],"wp:featuredmedia":[{"embeddable":true,"href":"https:\/\/encuentroinformativo.com.mx\/index.php?rest_route=\/wp\/v2\/media\/55528"}],"wp:attachment":[{"href":"https:\/\/encuentroinformativo.com.mx\/index.php?rest_route=%2Fwp%2Fv2%2Fmedia&parent=55527"}],"wp:term":[{"taxonomy":"category","embeddable":true,"href":"https:\/\/encuentroinformativo.com.mx\/index.php?rest_route=%2Fwp%2Fv2%2Fcategories&post=55527"},{"taxonomy":"post_tag","embeddable":true,"href":"https:\/\/encuentroinformativo.com.mx\/index.php?rest_route=%2Fwp%2Fv2%2Ftags&post=55527"}],"curies":[{"name":"wp","href":"https:\/\/api.w.org\/{rel}","templated":true}]}}