{"id":55538,"date":"2024-06-11T09:39:11","date_gmt":"2024-06-11T15:39:11","guid":{"rendered":"https:\/\/encuentroinformativo.com.mx\/?p=55538"},"modified":"2024-06-11T09:39:18","modified_gmt":"2024-06-11T15:39:18","slug":"salsa-fest-y-carnaval-en-junio-ayudan-a-mejorar-afluencia-en-verano-cometur","status":"publish","type":"post","link":"https:\/\/encuentroinformativo.com.mx\/?p=55538","title":{"rendered":"Salsa Fest y Carnaval en junio ayudan a mejorar afluencia en verano: COMETUR"},"content":{"rendered":"\n<p><strong>Alejandro \u00c1vila<\/strong><\/p>\n\n\n\n<p>Veracruz, Ver.- El presidente del Consejo Metropolitano de Turismo (COMETUR), Sergio Lois Heredia, asegur\u00f3 que la realizaci\u00f3n del Festival de la Salsa y el Carnaval de Veracruz en el mes de junio, ha ayudado en los \u00faltimos 2 a\u00f1os a aumentar la llegada de turistas en las vacaciones de verano.<\/p>\n\n\n\n<p>El empresario hotelero dijo que al momento se est\u00e1 viendo un buen ritmo en las reservaciones durante los \u00faltimos 2 fines de semana de junio, los cuales normalmente son considerados temporada baja.<\/p>\n\n\n\n<p>&#8220;Creo que en espec\u00edfico el hecho de que estas 2 festividades se hagan en el mes de junio previo a la temporada de verano, hacen que en los \u00faltimos 2 a\u00f1os o han hecho que las temporadas de verano se vean con una mayor afluencia, sentimos que tiene mucho que ver con que se habla de Veracruz, previo a las temporadas se est\u00e1 hablando de que en Veracruz hay Festival de la Salsa, que en Veracruz hay Carnaval, justamente en el momento en que las personas est\u00e1n decidiendo donde ir de vacaciones de verano, y creo que ha tra\u00eddo un efecto positivo para la temporada veraniega&#8221;, manifest\u00f3.<\/p>\n\n\n\n<p>Sergio Lois dijo que una buena afluencia s\u00ed tiene mucho que ver el Cartel art\u00edstico que se presenta, tanto en el Festival de la Salsa como en el Carnaval de Veracruz, en los conciertos masivos del malec\u00f3n posterior a los desfiles del bulevar.<\/p>\n\n\n\n<p>&#8220;Muchas veces eso define que tambi\u00e9n nos va en Carnaval, un Carnaval pr\u00e1cticamente es un hecho que te va a traer un lleno para viernes y s\u00e1bado, pero la jugada es el domingo, si el domingo hay un lleno o hay una buena ocupaci\u00f3n, significa que el Carnaval fue todo un \u00e9xito para el sector hotelero, hablando del sector hotelero, y muchas veces eso lo juega el masivo, si hay un buen masivo o si hay un buen artista sobre todo para lo que es el domingo, quiz\u00e1 para los otros dos d\u00edas pero sobre todo para lo que es el domingo, pues eso muchas veces influye en que las personas extiendan su estancia un d\u00eda m\u00e1s, y entonces el Carnaval se haga de tres noches muy buenas. En definitiva un buen Cartel de artistas tanto para Salsa Fest como para el Carnaval, ayuda para que se tenga un buen fin de semana&#8221;, culmin\u00f3.<\/p>\n","protected":false},"excerpt":{"rendered":"<p>Alejandro \u00c1vila Veracruz, Ver.- El presidente del Consejo Metropolitano de Turismo (COMETUR), Sergio Lois Heredia, asegur\u00f3 que la realizaci\u00f3n del Festival de la Salsa y el Carnaval de Veracruz en el mes de junio, ha ayudado en los \u00faltimos 2 a\u00f1os a aumentar la llegada de turistas en las vacaciones de verano. El empresario hotelero [&hellip;]<\/p>\n","protected":false},"author":2476,"featured_media":55539,"comment_status":"open","ping_status":"open","sticky":false,"template":"","format":"standard","meta":{"_jetpack_memberships_contains_paid_content":false,"footnotes":""},"categories":[2],"tags":[],"class_list":["post-55538","post","type-post","status-publish","format-standard","has-post-thumbnail","hentry","category-estado"],"jetpack_featured_media_url":"https:\/\/encuentroinformativo.com.mx\/wp-content\/uploads\/2024\/06\/IMG-20240611-WA0021.jpg","jetpack_sharing_enabled":true,"jetpack_likes_enabled":true,"amp_enabled":true,"_links":{"self":[{"href":"https:\/\/encuentroinformativo.com.mx\/index.php?rest_route=\/wp\/v2\/posts\/55538","targetHints":{"allow":["GET"]}}],"collection":[{"href":"https:\/\/encuentroinformativo.com.mx\/index.php?rest_route=\/wp\/v2\/posts"}],"about":[{"href":"https:\/\/encuentroinformativo.com.mx\/index.php?rest_route=\/wp\/v2\/types\/post"}],"author":[{"embeddable":true,"href":"https:\/\/encuentroinformativo.com.mx\/index.php?rest_route=\/wp\/v2\/users\/2476"}],"replies":[{"embeddable":true,"href":"https:\/\/encuentroinformativo.com.mx\/index.php?rest_route=%2Fwp%2Fv2%2Fcomments&post=55538"}],"version-history":[{"count":1,"href":"https:\/\/encuentroinformativo.com.mx\/index.php?rest_route=\/wp\/v2\/posts\/55538\/revisions"}],"predecessor-version":[{"id":55540,"href":"https:\/\/encuentroinformativo.com.mx\/index.php?rest_route=\/wp\/v2\/posts\/55538\/revisions\/55540"}],"wp:featuredmedia":[{"embeddable":true,"href":"https:\/\/encuentroinformativo.com.mx\/index.php?rest_route=\/wp\/v2\/media\/55539"}],"wp:attachment":[{"href":"https:\/\/encuentroinformativo.com.mx\/index.php?rest_route=%2Fwp%2Fv2%2Fmedia&parent=55538"}],"wp:term":[{"taxonomy":"category","embeddable":true,"href":"https:\/\/encuentroinformativo.com.mx\/index.php?rest_route=%2Fwp%2Fv2%2Fcategories&post=55538"},{"taxonomy":"post_tag","embeddable":true,"href":"https:\/\/encuentroinformativo.com.mx\/index.php?rest_route=%2Fwp%2Fv2%2Ftags&post=55538"}],"curies":[{"name":"wp","href":"https:\/\/api.w.org\/{rel}","templated":true}]}}