{"id":55544,"date":"2024-06-11T11:18:03","date_gmt":"2024-06-11T17:18:03","guid":{"rendered":"https:\/\/encuentroinformativo.com.mx\/?p=55544"},"modified":"2024-06-11T11:18:09","modified_gmt":"2024-06-11T17:18:09","slug":"promovera-regidora-jornadas-odontologicas-en-colonias","status":"publish","type":"post","link":"https:\/\/encuentroinformativo.com.mx\/?p=55544","title":{"rendered":"Promover\u00e1 regidora jornadas odontol\u00f3gicas en colonias"},"content":{"rendered":"\n<p><strong>Alejandro \u00c1vila<\/strong><\/p>\n\n\n\n<p>Veracruz, Ver.- A partir de la primer quincena del mes de agosto, la regidora del Cabildo de Veracruz, Lissethe Mart\u00ednez Echeverr\u00eda, activar\u00e1 Brigadas Odontol\u00f3gicas en diversas colonias del municipio.<\/p>\n\n\n\n<p>Este proyecto se llevar\u00e1 a cabo tras una firma de convenio con el Centro de Especialidades y Estudios Superiores Odontol\u00f3gicos de Veracruz (CEYESOV), con quien tambi\u00e9n dispondr\u00e1n de becas educativas.<\/p>\n\n\n\n<p>&#8220;Vamos a empezar toda esta fecha de trabajo a partir de mediados de agosto, posterior a las vacaciones de verano y de Carnaval vamos a estar reactivando todas nuestras actividades, este convenio est\u00e1 teniendo una forma integral porque vamos a tener apoyo, tanto de asociaciones civiles, de movimientos de mujeres y, por supuesto, de una servidora, con L\u00edderes Solidarios, con Mujeres de Impacto Social, estamos haciendo un gran equipo de trabajo para beneficiar, no nada m\u00e1s a un grupo, no nada m\u00e1s a una colonia, sino a todo el municipio de Veracruz por qu\u00e9 lo necesita&#8221;, declar\u00f3.<\/p>\n\n\n\n<p>La edil de Morena, Lissethe Mart\u00ednez Echeverr\u00eda, dijo que la ciudadania deber\u00e1 estar atenta a las redes sociales de la Regidur\u00eda 12, donde se podr\u00e1n conocer todas las actividades que van a tener en un futuro, y as\u00ed poderse inscribir para obtener los beneficios que presentar\u00e1n mediante sus gestiones con las Asociaciones Civiles, Acad\u00e9micas y el Gobierno del Estado.<\/p>\n","protected":false},"excerpt":{"rendered":"<p>Alejandro \u00c1vila Veracruz, Ver.- A partir de la primer quincena del mes de agosto, la regidora del Cabildo de Veracruz, Lissethe Mart\u00ednez Echeverr\u00eda, activar\u00e1 Brigadas Odontol\u00f3gicas en diversas colonias del municipio. Este proyecto se llevar\u00e1 a cabo tras una firma de convenio con el Centro de Especialidades y Estudios Superiores Odontol\u00f3gicos de Veracruz (CEYESOV), con [&hellip;]<\/p>\n","protected":false},"author":2476,"featured_media":55545,"comment_status":"open","ping_status":"open","sticky":false,"template":"","format":"standard","meta":{"_jetpack_memberships_contains_paid_content":false,"footnotes":""},"categories":[9],"tags":[],"class_list":["post-55544","post","type-post","status-publish","format-standard","has-post-thumbnail","hentry","category-salud"],"jetpack_featured_media_url":"https:\/\/encuentroinformativo.com.mx\/wp-content\/uploads\/2024\/06\/IMG-20240611-WA0024.jpg","jetpack_sharing_enabled":true,"jetpack_likes_enabled":true,"amp_enabled":true,"_links":{"self":[{"href":"https:\/\/encuentroinformativo.com.mx\/index.php?rest_route=\/wp\/v2\/posts\/55544","targetHints":{"allow":["GET"]}}],"collection":[{"href":"https:\/\/encuentroinformativo.com.mx\/index.php?rest_route=\/wp\/v2\/posts"}],"about":[{"href":"https:\/\/encuentroinformativo.com.mx\/index.php?rest_route=\/wp\/v2\/types\/post"}],"author":[{"embeddable":true,"href":"https:\/\/encuentroinformativo.com.mx\/index.php?rest_route=\/wp\/v2\/users\/2476"}],"replies":[{"embeddable":true,"href":"https:\/\/encuentroinformativo.com.mx\/index.php?rest_route=%2Fwp%2Fv2%2Fcomments&post=55544"}],"version-history":[{"count":1,"href":"https:\/\/encuentroinformativo.com.mx\/index.php?rest_route=\/wp\/v2\/posts\/55544\/revisions"}],"predecessor-version":[{"id":55546,"href":"https:\/\/encuentroinformativo.com.mx\/index.php?rest_route=\/wp\/v2\/posts\/55544\/revisions\/55546"}],"wp:featuredmedia":[{"embeddable":true,"href":"https:\/\/encuentroinformativo.com.mx\/index.php?rest_route=\/wp\/v2\/media\/55545"}],"wp:attachment":[{"href":"https:\/\/encuentroinformativo.com.mx\/index.php?rest_route=%2Fwp%2Fv2%2Fmedia&parent=55544"}],"wp:term":[{"taxonomy":"category","embeddable":true,"href":"https:\/\/encuentroinformativo.com.mx\/index.php?rest_route=%2Fwp%2Fv2%2Fcategories&post=55544"},{"taxonomy":"post_tag","embeddable":true,"href":"https:\/\/encuentroinformativo.com.mx\/index.php?rest_route=%2Fwp%2Fv2%2Ftags&post=55544"}],"curies":[{"name":"wp","href":"https:\/\/api.w.org\/{rel}","templated":true}]}}