{"id":55550,"date":"2024-06-11T12:34:59","date_gmt":"2024-06-11T18:34:59","guid":{"rendered":"https:\/\/encuentroinformativo.com.mx\/?p=55550"},"modified":"2024-06-11T12:35:06","modified_gmt":"2024-06-11T18:35:06","slug":"habra-lunes-salsero-en-carnaval-de-veracruz","status":"publish","type":"post","link":"https:\/\/encuentroinformativo.com.mx\/?p=55550","title":{"rendered":"Habr\u00e1 Lunes salsero en Carnaval de Veracruz"},"content":{"rendered":"\n<p><strong>Alejandro \u00c1vila<\/strong><\/p>\n\n\n\n<p>Veracruz, Ver.- Despu\u00e9s de varios a\u00f1os regresa la Salsa al Carnaval de Veracruz, la alcaldesa, Patricia Lobeira Rodr\u00edguez, anunci\u00f3 la ma\u00f1ana de este martes 11 de junio, el \u00faltimo d\u00eda con concierto masivo en el malec\u00f3n de Veracruz.<\/p>\n\n\n\n<p>El lunes 1 de julio en la Macroplaza se presentar\u00e1n el puertorrique\u00f1o, Luis Enrique; el colombiano, Alberto Barros; y el venezolano, Porfi Baloa y su Orquesta Adolescente.<\/p>\n\n\n\n<p>De esta manera queda descartado un artista que acompa\u00f1e al reggaetonero puertorrique\u00f1o, Wisin, el s\u00e1bado 29 de junio, como se hab\u00eda mencionado en un principio.<\/p>\n\n\n\n<p>Es as\u00ed que la lista completa de artistas en el Carnaval 2024 queda integrada por Matute, en la coronaci\u00f3n de la reina Yuri, el jueves 27 de junio; el viernes 28 de junio, Ricky Martin; mientras que el domingo 30 de junio, el colombiano, Carlos Vives.<\/p>\n\n\n\n<p>Finalmente, la alcaldesa, Patricia Lobeira, mencion\u00f3 que solo resta por dar a conocer quien ser\u00e1 el Rey del Carnaval, noticias sorpresa que se informar\u00e1 en los pr\u00f3ximos d\u00edas.<\/p>\n","protected":false},"excerpt":{"rendered":"<p>Alejandro \u00c1vila Veracruz, Ver.- Despu\u00e9s de varios a\u00f1os regresa la Salsa al Carnaval de Veracruz, la alcaldesa, Patricia Lobeira Rodr\u00edguez, anunci\u00f3 la ma\u00f1ana de este martes 11 de junio, el \u00faltimo d\u00eda con concierto masivo en el malec\u00f3n de Veracruz. El lunes 1 de julio en la Macroplaza se presentar\u00e1n el puertorrique\u00f1o, Luis Enrique; el [&hellip;]<\/p>\n","protected":false},"author":2476,"featured_media":55551,"comment_status":"open","ping_status":"open","sticky":false,"template":"","format":"standard","meta":{"_jetpack_memberships_contains_paid_content":false,"footnotes":""},"categories":[2],"tags":[],"class_list":["post-55550","post","type-post","status-publish","format-standard","has-post-thumbnail","hentry","category-estado"],"jetpack_featured_media_url":"https:\/\/encuentroinformativo.com.mx\/wp-content\/uploads\/2024\/06\/IMG-20240611-WA0026.jpg","jetpack_sharing_enabled":true,"jetpack_likes_enabled":true,"amp_enabled":true,"_links":{"self":[{"href":"https:\/\/encuentroinformativo.com.mx\/index.php?rest_route=\/wp\/v2\/posts\/55550","targetHints":{"allow":["GET"]}}],"collection":[{"href":"https:\/\/encuentroinformativo.com.mx\/index.php?rest_route=\/wp\/v2\/posts"}],"about":[{"href":"https:\/\/encuentroinformativo.com.mx\/index.php?rest_route=\/wp\/v2\/types\/post"}],"author":[{"embeddable":true,"href":"https:\/\/encuentroinformativo.com.mx\/index.php?rest_route=\/wp\/v2\/users\/2476"}],"replies":[{"embeddable":true,"href":"https:\/\/encuentroinformativo.com.mx\/index.php?rest_route=%2Fwp%2Fv2%2Fcomments&post=55550"}],"version-history":[{"count":1,"href":"https:\/\/encuentroinformativo.com.mx\/index.php?rest_route=\/wp\/v2\/posts\/55550\/revisions"}],"predecessor-version":[{"id":55552,"href":"https:\/\/encuentroinformativo.com.mx\/index.php?rest_route=\/wp\/v2\/posts\/55550\/revisions\/55552"}],"wp:featuredmedia":[{"embeddable":true,"href":"https:\/\/encuentroinformativo.com.mx\/index.php?rest_route=\/wp\/v2\/media\/55551"}],"wp:attachment":[{"href":"https:\/\/encuentroinformativo.com.mx\/index.php?rest_route=%2Fwp%2Fv2%2Fmedia&parent=55550"}],"wp:term":[{"taxonomy":"category","embeddable":true,"href":"https:\/\/encuentroinformativo.com.mx\/index.php?rest_route=%2Fwp%2Fv2%2Fcategories&post=55550"},{"taxonomy":"post_tag","embeddable":true,"href":"https:\/\/encuentroinformativo.com.mx\/index.php?rest_route=%2Fwp%2Fv2%2Ftags&post=55550"}],"curies":[{"name":"wp","href":"https:\/\/api.w.org\/{rel}","templated":true}]}}