{"id":55553,"date":"2024-06-11T14:24:13","date_gmt":"2024-06-11T20:24:13","guid":{"rendered":"https:\/\/encuentroinformativo.com.mx\/?p=55553"},"modified":"2024-06-11T14:24:19","modified_gmt":"2024-06-11T20:24:19","slug":"abandona-fiscalia-prision-preventiva-justificada-acusan-sobrevivientes-de-feminicidios","status":"publish","type":"post","link":"https:\/\/encuentroinformativo.com.mx\/?p=55553","title":{"rendered":"Abandona Fiscal\u00eda prisi\u00f3n preventiva justificada, acusan sobrevivientes de feminicidios"},"content":{"rendered":"\n<p><strong>Juan Arcos <\/strong><\/p>\n\n\n\n<p>Xalapa, Ver.- La Fiscal\u00eda General del Estado (FGE) dej\u00f3 de aplicar la figura de la prisi\u00f3n preventiva justificada en el delito de tentativa de feminicidio.<\/p>\n\n\n\n<p>A una semana de las elecciones, autoridades estatales optaron por no aplicar la prisi\u00f3n preventiva justificada en un proceso de orden penal, por lo que la v\u00edctima tiene la intenci\u00f3n de exponer el caso ya que se presume existi\u00f3 una tentativa de feminicidio, acontecido en la ciudad de Xalapa, la capital de Veracruz.<\/p>\n\n\n\n<p>Asimismo, se expone el caso como un claro ejemplo de contradicci\u00f3n en un proceso penal que recae en la perspectiva de g\u00e9nero.<\/p>\n\n\n\n<p>La afectada considera que esta decisi\u00f3n plantea cuestionamientos significativos sobre el enfoque de la administraci\u00f3n de justicia en el estado y, en un nivel m\u00e1s amplio, sobre las pol\u00edticas gubernamentales bajo el mandato del presidente Andr\u00e9s Manuel L\u00f3pez Obrador.<\/p>\n\n\n\n<p>La v\u00edctima, de identidad reservada, narra los hechos que sufri\u00f3 el 21 de agosto de 2023, d\u00eda en el que casi pierde la vida al ser agredida brutalmente por dos personas.<\/p>\n\n\n\n<p>\u201cEse d\u00eda fui agredida por los imputados Julio Cesar N y Estibaliz Habibi N de manera violenta. Me tiraron al suelo, y en el piso me patearon la cabeza. Yo no sab\u00eda si iba a sobrevivir al ataque, pero algunos vecinos se acercaron y los agresores huyeron. En consecuencia, sufr\u00ed m\u00faltiples lesiones en las extremidades, pero el mayor da\u00f1o lo recib\u00ed en la cabeza, presentando una hemorragia interna considerable, que aumentaba y me provocaba distintos s\u00edntomas, entre ellos, dolor de cabeza muy fuerte. Por lo anterior, meintervinieron de manera quir\u00fargica, intervenci\u00f3n que consisti\u00f3 en una peque\u00f1a incisi\u00f3n en el cr\u00e1neo para liberar la presi\u00f3n causada por el exceso de sangre, lo cual me ha ayudado a soportar m\u00e1s los dolores de cabeza\u201d, relat\u00f3.Insiste en que la omisi\u00f3n de la prisi\u00f3n preventiva justificada en el Proceso Penal 525\/2024, contradice la visi\u00f3n de L\u00f3pez Obrador, quien hab\u00eda enfatizado la importancia de esta medida como un instrumento efectivo para garantizar la seguridad p\u00fablica y prevenir la impunidad, sobre todo considerando la gravedad del delito que se persigue.<\/p>\n\n\n\n<p>Esta discrepancia entre la pol\u00edtica gubernamental y su aplicaci\u00f3n pr\u00e1ctica subraya la complejidad de los desaf\u00edos que enfrenta el sistema judicial mexicano en la actualidad.\u00a0La v\u00edctima dice sentirse contrariada por la medida cautelar que solicit\u00f3 la Fiscal\u00eda para los imputados.<\/p>\n\n\n\n<p>&#8220;En su momento, la Fiscal Quinta Especializada en Investigaci\u00f3n de Delitos, Violencia contra la Familia Mujeres, Ni\u00f1as, Ni\u00f1os y Trata de Personas adscrita al d\u00e9cimo primer distrito judicial de la ciudad de Xalapa, Veracruz, titular de la Carpeta de Investigaci\u00f3n XAL\/DX1\/FEMUJ\/F5\/560\/2023, solicit\u00f3 se girara \u00f3rdenes de aprehensi\u00f3n para detener a los imputados Julio Cesar N y Est\u00edbaliz Habibi N, reconociendo el riesgo que representa para m\u00ed el hecho de que los imputados est\u00e9n en libertad, sin embargo, en la audiencia, fue muy sorprendente que la Fiscal haya decidido que la medida cautelar m\u00e1s adecuada para ellos fuera la de arraigo domiciliario y no la de Prisi\u00f3n Preventiva Justificada como yo pensaba\u201d, narr\u00f3.<\/p>\n\n\n\n<p>Asimismo, est\u00e1 atemorizada por lo que pueda sucederle, pues teme por su vida, luego de que casi se la arrebatan a golpes.<\/p>\n\n\n\n<p>\u201cTodos los d\u00edas me encuentro ansiosa, pues tengo miedo de salir a la calle y encontrarme a mis agresores frente a frente y que me vuelvan a golpear y humillar como ese d\u00eda\u201d.<\/p>\n\n\n\n<p>La agraviada considera que la decisi\u00f3n de no aplicar la prisi\u00f3n preventiva justificada plantea interrogantes sobre la coherencia y la eficacia de las pol\u00edticas implementadas por las autoridades estatales, ya que, a trav\u00e9s de la prisi\u00f3n domiciliaria se le da un beneficio al imputado afectando su seguridad.<\/p>\n\n\n\n<p>A su juicio, esta situaci\u00f3n destaca la importancia de una revisi\u00f3n exhaustiva de los protocolos y pr\u00e1cticas judiciales para asegurar la protecci\u00f3n de los derechos humanos y la aplicaci\u00f3n imparcial de la ley en todo el pa\u00eds.<\/p>\n","protected":false},"excerpt":{"rendered":"<p>Juan Arcos Xalapa, Ver.- La Fiscal\u00eda General del Estado (FGE) dej\u00f3 de aplicar la figura de la prisi\u00f3n preventiva justificada en el delito de tentativa de feminicidio. A una semana de las elecciones, autoridades estatales optaron por no aplicar la prisi\u00f3n preventiva justificada en un proceso de orden penal, por lo que la v\u00edctima tiene [&hellip;]<\/p>\n","protected":false},"author":2476,"featured_media":55554,"comment_status":"open","ping_status":"open","sticky":false,"template":"","format":"standard","meta":{"_jetpack_memberships_contains_paid_content":false,"footnotes":""},"categories":[2],"tags":[],"class_list":["post-55553","post","type-post","status-publish","format-standard","has-post-thumbnail","hentry","category-estado"],"jetpack_featured_media_url":"https:\/\/encuentroinformativo.com.mx\/wp-content\/uploads\/2024\/06\/IMG_5454.jpg","jetpack_sharing_enabled":true,"jetpack_likes_enabled":true,"amp_enabled":true,"_links":{"self":[{"href":"https:\/\/encuentroinformativo.com.mx\/index.php?rest_route=\/wp\/v2\/posts\/55553","targetHints":{"allow":["GET"]}}],"collection":[{"href":"https:\/\/encuentroinformativo.com.mx\/index.php?rest_route=\/wp\/v2\/posts"}],"about":[{"href":"https:\/\/encuentroinformativo.com.mx\/index.php?rest_route=\/wp\/v2\/types\/post"}],"author":[{"embeddable":true,"href":"https:\/\/encuentroinformativo.com.mx\/index.php?rest_route=\/wp\/v2\/users\/2476"}],"replies":[{"embeddable":true,"href":"https:\/\/encuentroinformativo.com.mx\/index.php?rest_route=%2Fwp%2Fv2%2Fcomments&post=55553"}],"version-history":[{"count":1,"href":"https:\/\/encuentroinformativo.com.mx\/index.php?rest_route=\/wp\/v2\/posts\/55553\/revisions"}],"predecessor-version":[{"id":55555,"href":"https:\/\/encuentroinformativo.com.mx\/index.php?rest_route=\/wp\/v2\/posts\/55553\/revisions\/55555"}],"wp:featuredmedia":[{"embeddable":true,"href":"https:\/\/encuentroinformativo.com.mx\/index.php?rest_route=\/wp\/v2\/media\/55554"}],"wp:attachment":[{"href":"https:\/\/encuentroinformativo.com.mx\/index.php?rest_route=%2Fwp%2Fv2%2Fmedia&parent=55553"}],"wp:term":[{"taxonomy":"category","embeddable":true,"href":"https:\/\/encuentroinformativo.com.mx\/index.php?rest_route=%2Fwp%2Fv2%2Fcategories&post=55553"},{"taxonomy":"post_tag","embeddable":true,"href":"https:\/\/encuentroinformativo.com.mx\/index.php?rest_route=%2Fwp%2Fv2%2Ftags&post=55553"}],"curies":[{"name":"wp","href":"https:\/\/api.w.org\/{rel}","templated":true}]}}