{"id":55562,"date":"2024-06-12T10:42:40","date_gmt":"2024-06-12T16:42:40","guid":{"rendered":"https:\/\/encuentroinformativo.com.mx\/?p=55562"},"modified":"2024-06-12T10:42:45","modified_gmt":"2024-06-12T16:42:45","slug":"me-entusiasma-la-idea-de-ayudar-a-veracruz-ricardo-ahued","status":"publish","type":"post","link":"https:\/\/encuentroinformativo.com.mx\/?p=55562","title":{"rendered":"Me entusiasma la idea de ayudar a Veracruz: Ricardo Ahued"},"content":{"rendered":"\n<p><strong>Dar\u00edo Pale <\/strong><\/p>\n\n\n\n<p>Xalapa, Ver.- El presidente municipal de Xalapa, Ricardo Ahued Bardahuil dio a conocer que, su suplente, el abogado Alberto Islas ser\u00e1 quien lo supla en el cargo, luego de que este martes la gobernadora electa, Roc\u00edo Nahle confirmara que sera el pr\u00f3ximo secretario de Gobierno.<\/p>\n\n\n\n<p>En conferencia de prensa agradeci\u00f3 a la gobernadora electa la confianza que est\u00e1 depositando en su persona, ya que es una responsabilidad enorme, coment\u00f3 que le emociona y le entusiasma el deseo que tiene se ayudar a Xalapa y a Veracruz.<\/p>\n\n\n\n<p>Coment\u00f3 que le explico si compromiso con la sociedad xalape\u00f1a, pero es una gran oportunidad de trabajar con el gabinete de su gobierno y hubo un acuerdo de no descuidar Xalapa, ya que tiene ese compromiso pol\u00edtico y moral de apoyar las causas de los xalape\u00f1os, y atender a quien lo supla que en este caso es el licenciado Alberto Islas.<\/p>\n\n\n\n<p>Dijo que est\u00e1n programando lo del 20-25 y va a platicar con los ediles, los directores para que se d\u00e9 una tras inicios en armon\u00eda ya sigan trabajando unidos, y enfrentar la grave crisis que le toc\u00f3 enfrentar como es el agua.<\/p>\n\n\n\n<p>Indic\u00f3 que Alberto Islas tiene toda la disposici\u00f3n de que contin\u00fae laborando su equipo de trabajo para no perder la din\u00e1mica que se tiene hasta el momento.<\/p>\n\n\n\n<p>Expuso que deber\u00e1 solicitar una licencia definitiva al cargo, porque no se renuncia, pero ya prepara su informe de labores.<\/p>\n\n\n\n<p>&#8220;Ya hab\u00edamos platicado de eso, no era algo que no estuviera en el ambiente&#8230; ella tiene esperanzas en un servidor, yo tengo confianza en lo que hago, no soy gente de mala fe, puedo tener capacidades y algunas deficiencias, pero le pongo el empe\u00f1o a las cosas&#8221;, se\u00f1al\u00f3.<\/p>\n\n\n\n<p>Agreg\u00f3 que no lo alimentan ni la maldad ni el odio cuando hay que corregir, lo hace, pero revel\u00f3 que la gobernadora le pidi\u00f3 tranquilizar a Veracruz, a trabajar con gente honesta, con gente que la sociedad apriece.<\/p>\n\n\n\n<p>Dijo que la gobernadora electa ser\u00e1 quien decida si formar\u00e1 parte del equipo de transici\u00f3n, pero aclar\u00f3 que estar\u00e1 al frente de la presidencia municipal &#8220;hasta el \u00faltimo momento&#8221;.<\/p>\n\n\n\n<p>Abund\u00f3 que dialogar\u00e1 con los regidores y con los directores de las distintas \u00e1reas, pero todos est\u00e1n a favor de los nuevos cambios.<\/p>\n\n\n\n<p>El Alcalde defini\u00f3 que todas las obras que est\u00e1n programadas de drenaje, de pavimento, entre otros, se concluir\u00e1n.<\/p>\n\n\n\n<p>Reconoci\u00f3 que hay un problema de agua para la capital del Estado, pero \u00e9l junto con su suplente seguir\u00e1n trabajando en este asunto que lleva muchas semanas dejando sin agua a los habitantes.<\/p>\n\n\n\n<p>Destac\u00f3 que hay muchas obras que ya fueron concluidas, pero por la veda electoral no se pudieron dar a conocer, aunque contin\u00faa el avance en muchos puntos, por lo que continuar\u00e1 la programaci\u00f3n previamente establecida.<\/p>\n\n\n\n<p>Ricardo Ahued defini\u00f3 que la gobernadora electa ser\u00e1 el &#8220;mejor puente&#8221; con todos los sectores y todas las fuerzas pol\u00edticas, adem\u00e1s de que se ha pronunciado por un borr\u00f3n y cuenta nueva a partir de que concluy\u00f3 la campa\u00f1a.<\/p>\n\n\n\n<p>El presidente municipal mencion\u00f3 que Nahle Garc\u00eda le dio la libertad de conformar su equipo de trabajo, pero deber\u00e1 presentarlo y ella ser\u00e1 quien lo apruebe.<\/p>\n","protected":false},"excerpt":{"rendered":"<p>Dar\u00edo Pale Xalapa, Ver.- El presidente municipal de Xalapa, Ricardo Ahued Bardahuil dio a conocer que, su suplente, el abogado Alberto Islas ser\u00e1 quien lo supla en el cargo, luego de que este martes la gobernadora electa, Roc\u00edo Nahle confirmara que sera el pr\u00f3ximo secretario de Gobierno. En conferencia de prensa agradeci\u00f3 a la gobernadora [&hellip;]<\/p>\n","protected":false},"author":2476,"featured_media":55565,"comment_status":"open","ping_status":"open","sticky":false,"template":"","format":"standard","meta":{"_jetpack_memberships_contains_paid_content":false,"footnotes":""},"categories":[3],"tags":[],"class_list":["post-55562","post","type-post","status-publish","format-standard","has-post-thumbnail","hentry","category-xalapa"],"jetpack_featured_media_url":"https:\/\/encuentroinformativo.com.mx\/wp-content\/uploads\/2024\/06\/IMG-20240612-WA00152.jpg","jetpack_sharing_enabled":true,"jetpack_likes_enabled":true,"amp_enabled":true,"_links":{"self":[{"href":"https:\/\/encuentroinformativo.com.mx\/index.php?rest_route=\/wp\/v2\/posts\/55562","targetHints":{"allow":["GET"]}}],"collection":[{"href":"https:\/\/encuentroinformativo.com.mx\/index.php?rest_route=\/wp\/v2\/posts"}],"about":[{"href":"https:\/\/encuentroinformativo.com.mx\/index.php?rest_route=\/wp\/v2\/types\/post"}],"author":[{"embeddable":true,"href":"https:\/\/encuentroinformativo.com.mx\/index.php?rest_route=\/wp\/v2\/users\/2476"}],"replies":[{"embeddable":true,"href":"https:\/\/encuentroinformativo.com.mx\/index.php?rest_route=%2Fwp%2Fv2%2Fcomments&post=55562"}],"version-history":[{"count":1,"href":"https:\/\/encuentroinformativo.com.mx\/index.php?rest_route=\/wp\/v2\/posts\/55562\/revisions"}],"predecessor-version":[{"id":55564,"href":"https:\/\/encuentroinformativo.com.mx\/index.php?rest_route=\/wp\/v2\/posts\/55562\/revisions\/55564"}],"wp:featuredmedia":[{"embeddable":true,"href":"https:\/\/encuentroinformativo.com.mx\/index.php?rest_route=\/wp\/v2\/media\/55565"}],"wp:attachment":[{"href":"https:\/\/encuentroinformativo.com.mx\/index.php?rest_route=%2Fwp%2Fv2%2Fmedia&parent=55562"}],"wp:term":[{"taxonomy":"category","embeddable":true,"href":"https:\/\/encuentroinformativo.com.mx\/index.php?rest_route=%2Fwp%2Fv2%2Fcategories&post=55562"},{"taxonomy":"post_tag","embeddable":true,"href":"https:\/\/encuentroinformativo.com.mx\/index.php?rest_route=%2Fwp%2Fv2%2Ftags&post=55562"}],"curies":[{"name":"wp","href":"https:\/\/api.w.org\/{rel}","templated":true}]}}