{"id":5557,"date":"2020-09-04T13:12:53","date_gmt":"2020-09-04T18:12:53","guid":{"rendered":"https:\/\/encuentroinformativo.com\/?p=5557"},"modified":"2020-09-04T13:12:56","modified_gmt":"2020-09-04T18:12:56","slug":"se-mantendran-lluvias-para-fin-de-semana-pc","status":"publish","type":"post","link":"https:\/\/encuentroinformativo.com.mx\/?p=5557","title":{"rendered":"Se mantendr\u00e1n lluvias para fin de semana: PC"},"content":{"rendered":"\n<p><strong>Dar\u00edo Pale <\/strong><\/p>\n\n\n\n<p>Xalapa, Ver.- El Sub Corrdinador de Meteorolog\u00eda de la Secretar\u00eda de Protecci\u00f3n Civil, Fed\u00e9rico Acevedo Rosas dio a conocer que, prevalecen las condiciones de lluvia durante este fin de semana en el estado de Veracruz, por lo que la Secretar\u00eda de Protecci\u00f3n mantiene la Alerta Gris.<\/p>\n\n\n\n<p>En la tradicional conferencia de prensa de los viernes, dieron aviso a la poblaci\u00f3n por el riesgo de crecidas de r\u00edos y arroyos, deslaves o derrumbes y viento de 45 a 65 kil\u00f3metros por hora en zonas costeras durante las pr\u00f3ximas horas.<\/p>\n\n\n\n<p>&#8220;El pron\u00f3stico de lluvias indica que ser\u00e1n fuertes a muy fuertes en varias regiones del estado, por lo que toda la poblaci\u00f3n debe estar atenta a los comportamientos de los r\u00edos, tanto de r\u00e1pida respuesta como de lenta respuesta y en aquellas zonas susceptibles o que tienen riesgo de deslaves&#8221;, se\u00f1al\u00f3.<\/p>\n\n\n\n<p>Dio a conocer que las lluvias y la actividad el\u00e9ctrica siguen presentes en las zonas sur, centro y norte de la entidad, mismas que permanecer\u00e1n hasta el d\u00eda lunes. De acuerdo al pron\u00f3stico de PC, se espera que sea en la zona sur donde se registren las m\u00e1ximas.<\/p>\n\n\n\n<p>&#8220;Hoy todav\u00eda en algunas zonas no llover\u00e1 tan intensamente, pero sobre todo en la parte alta del centro del estado, no as\u00ed en las zonas de costa&#8221;, agreg\u00f3.<\/p>\n\n\n\n<p>Finalmente en lo que corresponde a las r\u00e1fagas de viento, se espera que sea el domingo cuando se registren las rachas m\u00e1ximas que podr\u00edan alcanzar una velocidad de hasta 65 kil\u00f3metros por hora.<\/p>\n\n\n\n<p><\/p>\n\n\n\n<p><\/p>\n","protected":false},"excerpt":{"rendered":"<p>Dar\u00edo Pale Xalapa, Ver.- El Sub Corrdinador de Meteorolog\u00eda de la Secretar\u00eda de Protecci\u00f3n Civil, Fed\u00e9rico Acevedo Rosas dio a conocer que, prevalecen las condiciones de lluvia durante este fin de semana en el estado de Veracruz, por lo que la Secretar\u00eda de Protecci\u00f3n mantiene la Alerta Gris. En la tradicional conferencia de prensa de [&hellip;]<\/p>\n","protected":false},"author":1,"featured_media":5558,"comment_status":"open","ping_status":"open","sticky":false,"template":"","format":"standard","meta":{"_jetpack_memberships_contains_paid_content":false,"footnotes":""},"categories":[2],"tags":[],"class_list":["post-5557","post","type-post","status-publish","format-standard","has-post-thumbnail","hentry","category-estado"],"jetpack_featured_media_url":"https:\/\/encuentroinformativo.com.mx\/wp-content\/uploads\/2020\/09\/B409117F-83E6-45BF-8E2E-43151EC8C479.jpeg","jetpack_sharing_enabled":true,"jetpack_likes_enabled":true,"amp_enabled":true,"_links":{"self":[{"href":"https:\/\/encuentroinformativo.com.mx\/index.php?rest_route=\/wp\/v2\/posts\/5557","targetHints":{"allow":["GET"]}}],"collection":[{"href":"https:\/\/encuentroinformativo.com.mx\/index.php?rest_route=\/wp\/v2\/posts"}],"about":[{"href":"https:\/\/encuentroinformativo.com.mx\/index.php?rest_route=\/wp\/v2\/types\/post"}],"author":[{"embeddable":true,"href":"https:\/\/encuentroinformativo.com.mx\/index.php?rest_route=\/wp\/v2\/users\/1"}],"replies":[{"embeddable":true,"href":"https:\/\/encuentroinformativo.com.mx\/index.php?rest_route=%2Fwp%2Fv2%2Fcomments&post=5557"}],"version-history":[{"count":1,"href":"https:\/\/encuentroinformativo.com.mx\/index.php?rest_route=\/wp\/v2\/posts\/5557\/revisions"}],"predecessor-version":[{"id":5559,"href":"https:\/\/encuentroinformativo.com.mx\/index.php?rest_route=\/wp\/v2\/posts\/5557\/revisions\/5559"}],"wp:featuredmedia":[{"embeddable":true,"href":"https:\/\/encuentroinformativo.com.mx\/index.php?rest_route=\/wp\/v2\/media\/5558"}],"wp:attachment":[{"href":"https:\/\/encuentroinformativo.com.mx\/index.php?rest_route=%2Fwp%2Fv2%2Fmedia&parent=5557"}],"wp:term":[{"taxonomy":"category","embeddable":true,"href":"https:\/\/encuentroinformativo.com.mx\/index.php?rest_route=%2Fwp%2Fv2%2Fcategories&post=5557"},{"taxonomy":"post_tag","embeddable":true,"href":"https:\/\/encuentroinformativo.com.mx\/index.php?rest_route=%2Fwp%2Fv2%2Ftags&post=5557"}],"curies":[{"name":"wp","href":"https:\/\/api.w.org\/{rel}","templated":true}]}}