{"id":55579,"date":"2024-06-12T14:36:45","date_gmt":"2024-06-12T20:36:45","guid":{"rendered":"https:\/\/encuentroinformativo.com.mx\/?p=55579"},"modified":"2024-06-12T14:36:49","modified_gmt":"2024-06-12T20:36:49","slug":"en-6-anos-veracruz-duplico-llegada-de-turistas-y-derrama-economica-afirma-turismo","status":"publish","type":"post","link":"https:\/\/encuentroinformativo.com.mx\/?p=55579","title":{"rendered":"En 6 a\u00f1os Veracruz duplic\u00f3 llegada de turistas y derrama econ\u00f3mica, afirma  Turismo"},"content":{"rendered":"\n<p><strong>Alejandro \u00c1vila<\/strong><\/p>\n\n\n\n<p>Veracruz, Ver.- El secretario de Turismo, Iv\u00e1n Francisco Mart\u00ednez Olvera, mencion\u00f3 que en 6 a\u00f1os el Estado de Veracruz duplic\u00f3 la presencia de turistas y, por ende, la derrama econ\u00f3mica en ese sector.<\/p>\n\n\n\n<p>En ese sentido, dijo que Veracruz se ha convertido en una sede de relevancia tur\u00edstica para los visitantes nacionales e internacionales.<\/p>\n\n\n\n<p>&#8220;Veracruz es ahora una sede internacional y de relevancia para el turismo de M\u00e9xico y el extranjero, como referencia, \u00fanicamente como una referencia puntual, en el 2018 capt\u00e1bamos \u00fanicamente 6.2 millones de turistas visitantes, ahora, en un crecimiento exponencial, el a\u00f1o pasado 2023 ya captamos 12.2 millones de turistas visitantes. Ante esas cifras, ante ese crecimiento, es innegable el trabajo coordinado entre el sector empresarial y, por supuesto, las diferentes \u00e1reas de gobierno. Otro ejemplo importante a destacar, es que en el 2018 capt\u00e1bamos no m\u00e1s de 6 mi\u00f1 millones de pesos en derrama econ\u00f3mica, el a\u00f1o pasado con un crecimiento exponencial, insisto, m\u00e1s de 26 mil millones de pesos en derrama econ\u00f3mica&#8221;, expres\u00f3.<\/p>\n\n\n\n<p>El funcionario estatal mencion\u00f3 que en 2024 se lleva un crecimiento del 10 por ciento m\u00e1s, en comparaci\u00f3n a la misma fecha del a\u00f1o anterior.<\/p>\n\n\n\n<p>La ma\u00f1ana de este mi\u00e9rcoles el secretario de Turismo inaugur\u00f3 en el aeropuerto de Veracruz &#8220;Heriberto Jara Corona&#8221; la nueva ruta Veracruz &#8211; Dallas, misma que tendr\u00e1 viajes diariamente y ser\u00e1 operada por la empresa American Airlines.<\/p>\n","protected":false},"excerpt":{"rendered":"<p>Alejandro \u00c1vila Veracruz, Ver.- El secretario de Turismo, Iv\u00e1n Francisco Mart\u00ednez Olvera, mencion\u00f3 que en 6 a\u00f1os el Estado de Veracruz duplic\u00f3 la presencia de turistas y, por ende, la derrama econ\u00f3mica en ese sector. En ese sentido, dijo que Veracruz se ha convertido en una sede de relevancia tur\u00edstica para los visitantes nacionales e [&hellip;]<\/p>\n","protected":false},"author":2476,"featured_media":55580,"comment_status":"open","ping_status":"open","sticky":false,"template":"","format":"standard","meta":{"_jetpack_memberships_contains_paid_content":false,"footnotes":""},"categories":[2],"tags":[],"class_list":["post-55579","post","type-post","status-publish","format-standard","has-post-thumbnail","hentry","category-estado"],"jetpack_featured_media_url":"https:\/\/encuentroinformativo.com.mx\/wp-content\/uploads\/2024\/06\/IMG-20240612-WA0042.jpg","jetpack_sharing_enabled":true,"jetpack_likes_enabled":true,"amp_enabled":true,"_links":{"self":[{"href":"https:\/\/encuentroinformativo.com.mx\/index.php?rest_route=\/wp\/v2\/posts\/55579","targetHints":{"allow":["GET"]}}],"collection":[{"href":"https:\/\/encuentroinformativo.com.mx\/index.php?rest_route=\/wp\/v2\/posts"}],"about":[{"href":"https:\/\/encuentroinformativo.com.mx\/index.php?rest_route=\/wp\/v2\/types\/post"}],"author":[{"embeddable":true,"href":"https:\/\/encuentroinformativo.com.mx\/index.php?rest_route=\/wp\/v2\/users\/2476"}],"replies":[{"embeddable":true,"href":"https:\/\/encuentroinformativo.com.mx\/index.php?rest_route=%2Fwp%2Fv2%2Fcomments&post=55579"}],"version-history":[{"count":1,"href":"https:\/\/encuentroinformativo.com.mx\/index.php?rest_route=\/wp\/v2\/posts\/55579\/revisions"}],"predecessor-version":[{"id":55581,"href":"https:\/\/encuentroinformativo.com.mx\/index.php?rest_route=\/wp\/v2\/posts\/55579\/revisions\/55581"}],"wp:featuredmedia":[{"embeddable":true,"href":"https:\/\/encuentroinformativo.com.mx\/index.php?rest_route=\/wp\/v2\/media\/55580"}],"wp:attachment":[{"href":"https:\/\/encuentroinformativo.com.mx\/index.php?rest_route=%2Fwp%2Fv2%2Fmedia&parent=55579"}],"wp:term":[{"taxonomy":"category","embeddable":true,"href":"https:\/\/encuentroinformativo.com.mx\/index.php?rest_route=%2Fwp%2Fv2%2Fcategories&post=55579"},{"taxonomy":"post_tag","embeddable":true,"href":"https:\/\/encuentroinformativo.com.mx\/index.php?rest_route=%2Fwp%2Fv2%2Ftags&post=55579"}],"curies":[{"name":"wp","href":"https:\/\/api.w.org\/{rel}","templated":true}]}}