{"id":55582,"date":"2024-06-12T14:57:06","date_gmt":"2024-06-12T20:57:06","guid":{"rendered":"https:\/\/encuentroinformativo.com.mx\/?p=55582"},"modified":"2024-06-12T14:57:11","modified_gmt":"2024-06-12T20:57:11","slug":"en-la-huasteca-sequia-afecto-cultivos-de-cana-de-azucar","status":"publish","type":"post","link":"https:\/\/encuentroinformativo.com.mx\/?p=55582","title":{"rendered":"En la Huasteca, sequ\u00eda afect\u00f3 cultivos de ca\u00f1a de az\u00facar"},"content":{"rendered":"\n<p><strong>Juan Arcos <\/strong><\/p>\n\n\n\n<p>Xalapa, Ver.- La sequ\u00eda contin\u00faa afectando a los cultivos de ca\u00f1a en la zona de la Huasteca Veracruzana, donde se esperan lluvias fuertes para garantizar la producci\u00f3n.<\/p>\n\n\n\n<p>Algunos ayuntamientos est\u00e1n tomando medidas de prevenci\u00f3n y coordinaci\u00f3n con el gobierno estatal para cuidar el agua en dicha regi\u00f3n de Veracruz.<\/p>\n\n\n\n<p>Las autoridades locales est\u00e1n a la espera de lluvias que beneficien a los r\u00edos, presas, as\u00ed como a la actividad de la agricultura y ganader\u00eda, para evitar p\u00e9rdidas.<\/p>\n\n\n\n<p>De acuerdo con el alcalde de El Higo, V\u00edctor de la Garza S\u00e1nchez, se espera que este mes arrecien las lluvias en la Huasteca Veracruzana para que mejore la situaci\u00f3n de los productores, sobre todo de los ca\u00f1eros.<\/p>\n\n\n\n<p>\u201cEstamos tratando de tomar medidas con los sistemas de riego. Es un tema mundial el tema del agua, esperemos que ahorita con estas condiciones que se tienen, pues ya llueva para que de alguna manera se vuelvan a llenar los r\u00edos, las presas, para que la gente no est\u00e9 batallando\u201d.<\/p>\n\n\n\n<p>Se ha invitado a la poblaci\u00f3n a que se racione el agua y se incrementen las medidas para su cuidado, ya que este a\u00f1o se registr\u00f3 una sequ\u00eda hist\u00f3rica en el estado de Veracruz.<\/p>\n\n\n\n<p>\u201cYo creo que en este mes ya deben de llegar, pero s\u00ed hemos tratado de hacer algunas acciones con el gobierno municipal, invitando a los ciudadanos a que cuiden el agua, que todo tenga un orden, sobre todo el tema del uso para la agricultura\u201d.<\/p>\n\n\n\n<p>Se habla de que podr\u00edan registrarse p\u00e9rdidas en el campo de hasta 20 por ciento por esta sequ\u00eda.<\/p>\n\n\n\n<p>\u201cYo espero que s\u00ed llueva, ahorita no lo vamos a resentir, pero si no llueve muy pronto s\u00ed vamos a resentir, pues en una p\u00e9rdida de un 10, 15, 20 por ciento del rendimiento\u201d, refiri\u00f3 V\u00edctor de la Garza.<\/p>\n\n\n\n<p>De acuerdo con el Servicio Meteorol\u00f3gico Nacional, 193 de los 212 municipios del estado presentan alg\u00fan nivel de sequ\u00eda, lo que representa el 91 por ciento del territorio veracruzano.<\/p>\n","protected":false},"excerpt":{"rendered":"<p>Juan Arcos Xalapa, Ver.- La sequ\u00eda contin\u00faa afectando a los cultivos de ca\u00f1a en la zona de la Huasteca Veracruzana, donde se esperan lluvias fuertes para garantizar la producci\u00f3n. Algunos ayuntamientos est\u00e1n tomando medidas de prevenci\u00f3n y coordinaci\u00f3n con el gobierno estatal para cuidar el agua en dicha regi\u00f3n de Veracruz. Las autoridades locales est\u00e1n [&hellip;]<\/p>\n","protected":false},"author":2476,"featured_media":55583,"comment_status":"open","ping_status":"open","sticky":false,"template":"","format":"standard","meta":{"_jetpack_memberships_contains_paid_content":false,"footnotes":""},"categories":[2],"tags":[],"class_list":["post-55582","post","type-post","status-publish","format-standard","has-post-thumbnail","hentry","category-estado"],"jetpack_featured_media_url":"https:\/\/encuentroinformativo.com.mx\/wp-content\/uploads\/2024\/06\/IMG_9127.jpg","jetpack_sharing_enabled":true,"jetpack_likes_enabled":true,"amp_enabled":true,"_links":{"self":[{"href":"https:\/\/encuentroinformativo.com.mx\/index.php?rest_route=\/wp\/v2\/posts\/55582","targetHints":{"allow":["GET"]}}],"collection":[{"href":"https:\/\/encuentroinformativo.com.mx\/index.php?rest_route=\/wp\/v2\/posts"}],"about":[{"href":"https:\/\/encuentroinformativo.com.mx\/index.php?rest_route=\/wp\/v2\/types\/post"}],"author":[{"embeddable":true,"href":"https:\/\/encuentroinformativo.com.mx\/index.php?rest_route=\/wp\/v2\/users\/2476"}],"replies":[{"embeddable":true,"href":"https:\/\/encuentroinformativo.com.mx\/index.php?rest_route=%2Fwp%2Fv2%2Fcomments&post=55582"}],"version-history":[{"count":1,"href":"https:\/\/encuentroinformativo.com.mx\/index.php?rest_route=\/wp\/v2\/posts\/55582\/revisions"}],"predecessor-version":[{"id":55584,"href":"https:\/\/encuentroinformativo.com.mx\/index.php?rest_route=\/wp\/v2\/posts\/55582\/revisions\/55584"}],"wp:featuredmedia":[{"embeddable":true,"href":"https:\/\/encuentroinformativo.com.mx\/index.php?rest_route=\/wp\/v2\/media\/55583"}],"wp:attachment":[{"href":"https:\/\/encuentroinformativo.com.mx\/index.php?rest_route=%2Fwp%2Fv2%2Fmedia&parent=55582"}],"wp:term":[{"taxonomy":"category","embeddable":true,"href":"https:\/\/encuentroinformativo.com.mx\/index.php?rest_route=%2Fwp%2Fv2%2Fcategories&post=55582"},{"taxonomy":"post_tag","embeddable":true,"href":"https:\/\/encuentroinformativo.com.mx\/index.php?rest_route=%2Fwp%2Fv2%2Ftags&post=55582"}],"curies":[{"name":"wp","href":"https:\/\/api.w.org\/{rel}","templated":true}]}}