{"id":55585,"date":"2024-06-12T15:13:00","date_gmt":"2024-06-12T21:13:00","guid":{"rendered":"https:\/\/encuentroinformativo.com.mx\/?p=55585"},"modified":"2024-06-12T15:13:08","modified_gmt":"2024-06-12T21:13:08","slug":"confia-gobernador-en-nombramientos-de-rocio-nahle","status":"publish","type":"post","link":"https:\/\/encuentroinformativo.com.mx\/?p=55585","title":{"rendered":"Conf\u00eda Gobernador en nombramientos de Roc\u00edo Nahle"},"content":{"rendered":"\n<p><strong>Dar\u00edo Pale <\/strong><\/p>\n\n\n\n<p>Xalapa, Ver.- Conf\u00eda en todos los nombramientos que Roc\u00edo Nahle haga para el gabinete, por lo que dio su visto bueno a la decisi\u00f3n de la gobernadora electa, de nombrar a Ricardo Ahued como el pr\u00f3ximo secretario de Gobierno.<\/p>\n\n\n\n<p>En conferencia de prensa el gobernador Cuitl\u00e1huac Garc\u00eda Jim\u00e9nez, resalt\u00f3 que la gobernadora es una mujer seria, comprometida, de resultados, que tendr\u00e1 al mejor equipo en su gabinete.<\/p>\n\n\n\n<p>&#8220;Y saludar\u00e9 con benepl\u00e1cito todos los nombramientos que ella haga. Es depositar la confianza que el pueblo le ha dado y ah\u00ed est\u00e1, es una persona que se toma muy en serio las tareas encomendadas&#8221;, expres\u00f3.<\/p>\n\n\n\n<p>Record\u00f3 que ella fue la coordinadora de la bancada de Morena en San L\u00e1zaro, en los momentos complicados, cuando eran minor\u00eda y, no obstante, condujo bien las acciones parlamentarias de 35 legisladores.<\/p>\n\n\n\n<p>Incluso calific\u00f3 de brillante la coordinaci\u00f3n de Nahle al frente de la bancada, misma que con los a\u00f1os se fue fortaleciendo, lo cual le permiti\u00f3 conocer su compromiso.<\/p>\n\n\n\n<p>En ese sentido, el Mandatario asegur\u00f3 que como diputada nunca se olvid\u00f3 de Veracruz ni de Coatzacoalcos.<\/p>\n\n\n\n<p>&#8220;Su vida entera la llev\u00f3 en Coatzacoalcos y estuvo siempre presente de su distrito y cuando fue senadora electa, ya ni se diga, los meses que estuvo en el Senado, viendo por Veracruz, ese es el compromiso&#8221;, destac\u00f3.<\/p>\n\n\n\n<p>Finalmente Garc\u00eda Jim\u00e9nez recalc\u00f3 que tiene toda la confianza en los nombramientos que est\u00e1 haciendo y que har\u00e1 la gobernadora electa.<\/p>\n","protected":false},"excerpt":{"rendered":"<p>Dar\u00edo Pale Xalapa, Ver.- Conf\u00eda en todos los nombramientos que Roc\u00edo Nahle haga para el gabinete, por lo que dio su visto bueno a la decisi\u00f3n de la gobernadora electa, de nombrar a Ricardo Ahued como el pr\u00f3ximo secretario de Gobierno. En conferencia de prensa el gobernador Cuitl\u00e1huac Garc\u00eda Jim\u00e9nez, resalt\u00f3 que la gobernadora es [&hellip;]<\/p>\n","protected":false},"author":2476,"featured_media":55586,"comment_status":"open","ping_status":"open","sticky":false,"template":"","format":"standard","meta":{"_jetpack_memberships_contains_paid_content":false,"footnotes":""},"categories":[2],"tags":[],"class_list":["post-55585","post","type-post","status-publish","format-standard","has-post-thumbnail","hentry","category-estado"],"jetpack_featured_media_url":"https:\/\/encuentroinformativo.com.mx\/wp-content\/uploads\/2024\/06\/IMG-20240612-WA0036.jpg","jetpack_sharing_enabled":true,"jetpack_likes_enabled":true,"amp_enabled":true,"_links":{"self":[{"href":"https:\/\/encuentroinformativo.com.mx\/index.php?rest_route=\/wp\/v2\/posts\/55585","targetHints":{"allow":["GET"]}}],"collection":[{"href":"https:\/\/encuentroinformativo.com.mx\/index.php?rest_route=\/wp\/v2\/posts"}],"about":[{"href":"https:\/\/encuentroinformativo.com.mx\/index.php?rest_route=\/wp\/v2\/types\/post"}],"author":[{"embeddable":true,"href":"https:\/\/encuentroinformativo.com.mx\/index.php?rest_route=\/wp\/v2\/users\/2476"}],"replies":[{"embeddable":true,"href":"https:\/\/encuentroinformativo.com.mx\/index.php?rest_route=%2Fwp%2Fv2%2Fcomments&post=55585"}],"version-history":[{"count":1,"href":"https:\/\/encuentroinformativo.com.mx\/index.php?rest_route=\/wp\/v2\/posts\/55585\/revisions"}],"predecessor-version":[{"id":55587,"href":"https:\/\/encuentroinformativo.com.mx\/index.php?rest_route=\/wp\/v2\/posts\/55585\/revisions\/55587"}],"wp:featuredmedia":[{"embeddable":true,"href":"https:\/\/encuentroinformativo.com.mx\/index.php?rest_route=\/wp\/v2\/media\/55586"}],"wp:attachment":[{"href":"https:\/\/encuentroinformativo.com.mx\/index.php?rest_route=%2Fwp%2Fv2%2Fmedia&parent=55585"}],"wp:term":[{"taxonomy":"category","embeddable":true,"href":"https:\/\/encuentroinformativo.com.mx\/index.php?rest_route=%2Fwp%2Fv2%2Fcategories&post=55585"},{"taxonomy":"post_tag","embeddable":true,"href":"https:\/\/encuentroinformativo.com.mx\/index.php?rest_route=%2Fwp%2Fv2%2Ftags&post=55585"}],"curies":[{"name":"wp","href":"https:\/\/api.w.org\/{rel}","templated":true}]}}