{"id":55594,"date":"2024-06-12T17:47:06","date_gmt":"2024-06-12T23:47:06","guid":{"rendered":"https:\/\/encuentroinformativo.com.mx\/?p=55594"},"modified":"2024-06-12T17:47:11","modified_gmt":"2024-06-12T23:47:11","slug":"que-no-haya-discriminacion-en-dependencias-piden-colectivos-lgbt","status":"publish","type":"post","link":"https:\/\/encuentroinformativo.com.mx\/?p=55594","title":{"rendered":"Que no haya discriminaci\u00f3n en dependencias, piden colectivos LGBT"},"content":{"rendered":"\n<p><strong>Dar\u00edo Pale <\/strong><\/p>\n\n\n\n<p>Xalapa, Ver.- Dan a conocer que en la pr\u00f3xima Edici\u00f3n 18 de la Marcha del Orgullo LGTB se har\u00e1n varias consignas, entre ellas solicitaran la renuncia de la Fiscal General del Estado, Ver\u00f3nica Hern\u00e1ndez Giad\u00e1ns, as\u00ed lo informaron los integrantes de varios colectivos de la comunidad LGBTTTIQ.<\/p>\n\n\n\n<p>En conferencia de prensa dijeron que no hay avances en los casos de cr\u00edmenes de odio y agregaron que lo que se lleva del a\u00f1o ya suman 7 casos.\u00a0<\/p>\n\n\n\n<p>Al respecto, Leonardo Ruiz Moreno, presidente de Orgullo Xalapa, indic\u00f3 que no ha habido buenos resultados en el tema y solo un crimen se ha atendido en la zona sur en Coatzacoalcos en donde hay un detenido, pero los dem\u00e1s casos est\u00e1n pendientes.\u00a0<\/p>\n\n\n\n<p>Asimismo, dijo que tambi\u00e9n se demandar\u00e1 en dicha marcha el paro a la no discriminaci\u00f3n, al acoso, a la falta de empleo y equidad de g\u00e9nero.\u00a0<\/p>\n\n\n\n<p>Adem\u00e1s precis\u00f3 que se tendr\u00e1n que volver a ingresar las iniciativas de la comunidad al Congreso del Estado, para que la nueva Legislatura las apruebe.\u00a0<\/p>\n\n\n\n<p>Tambi\u00e9n dijo que urge sentarse a dialogar con la gobernadora electa, Roc\u00edo Nahle, &#8220;nos urge sentarnos a platicar y trabajar todas las colectivas, que sumemos la voz, queremos apoyar y llegar a las instancias y que no haya discriminaci\u00f3n en las secretar\u00edas. Esperamos que nos den la fecha y que haya respaldo porque desde la presidencia viene el mensaje de apoyo&#8221;.\u00a0<\/p>\n\n\n\n<p>Los activistas se\u00f1alaron qu\u00e9 la marcha se realizar\u00e1 el pr\u00f3ximo s\u00e1bado a las 5 de la tarde y dar\u00e1 inicio frente al pante\u00f3n Palo Verde y se espera que participen unas 12 mil personas.\u00a0<\/p>\n\n\n\n<p>Finalmente comentaron que habr\u00e1 un cierre con un gran elenco art\u00edstico y el viernes se celebrar\u00e1 la tercera edici\u00f3n expo Diversex en parque Ju\u00e1rez.<\/p>\n","protected":false},"excerpt":{"rendered":"<p>Dar\u00edo Pale Xalapa, Ver.- Dan a conocer que en la pr\u00f3xima Edici\u00f3n 18 de la Marcha del Orgullo LGTB se har\u00e1n varias consignas, entre ellas solicitaran la renuncia de la Fiscal General del Estado, Ver\u00f3nica Hern\u00e1ndez Giad\u00e1ns, as\u00ed lo informaron los integrantes de varios colectivos de la comunidad LGBTTTIQ. En conferencia de prensa dijeron que [&hellip;]<\/p>\n","protected":false},"author":2476,"featured_media":55595,"comment_status":"open","ping_status":"open","sticky":false,"template":"","format":"standard","meta":{"_jetpack_memberships_contains_paid_content":false,"footnotes":""},"categories":[3],"tags":[],"class_list":["post-55594","post","type-post","status-publish","format-standard","has-post-thumbnail","hentry","category-xalapa"],"jetpack_featured_media_url":"https:\/\/encuentroinformativo.com.mx\/wp-content\/uploads\/2024\/06\/IMG-20240612-WA0084.jpg","jetpack_sharing_enabled":true,"jetpack_likes_enabled":true,"amp_enabled":true,"_links":{"self":[{"href":"https:\/\/encuentroinformativo.com.mx\/index.php?rest_route=\/wp\/v2\/posts\/55594","targetHints":{"allow":["GET"]}}],"collection":[{"href":"https:\/\/encuentroinformativo.com.mx\/index.php?rest_route=\/wp\/v2\/posts"}],"about":[{"href":"https:\/\/encuentroinformativo.com.mx\/index.php?rest_route=\/wp\/v2\/types\/post"}],"author":[{"embeddable":true,"href":"https:\/\/encuentroinformativo.com.mx\/index.php?rest_route=\/wp\/v2\/users\/2476"}],"replies":[{"embeddable":true,"href":"https:\/\/encuentroinformativo.com.mx\/index.php?rest_route=%2Fwp%2Fv2%2Fcomments&post=55594"}],"version-history":[{"count":1,"href":"https:\/\/encuentroinformativo.com.mx\/index.php?rest_route=\/wp\/v2\/posts\/55594\/revisions"}],"predecessor-version":[{"id":55596,"href":"https:\/\/encuentroinformativo.com.mx\/index.php?rest_route=\/wp\/v2\/posts\/55594\/revisions\/55596"}],"wp:featuredmedia":[{"embeddable":true,"href":"https:\/\/encuentroinformativo.com.mx\/index.php?rest_route=\/wp\/v2\/media\/55595"}],"wp:attachment":[{"href":"https:\/\/encuentroinformativo.com.mx\/index.php?rest_route=%2Fwp%2Fv2%2Fmedia&parent=55594"}],"wp:term":[{"taxonomy":"category","embeddable":true,"href":"https:\/\/encuentroinformativo.com.mx\/index.php?rest_route=%2Fwp%2Fv2%2Fcategories&post=55594"},{"taxonomy":"post_tag","embeddable":true,"href":"https:\/\/encuentroinformativo.com.mx\/index.php?rest_route=%2Fwp%2Fv2%2Ftags&post=55594"}],"curies":[{"name":"wp","href":"https:\/\/api.w.org\/{rel}","templated":true}]}}