{"id":55597,"date":"2024-06-12T18:10:59","date_gmt":"2024-06-13T00:10:59","guid":{"rendered":"https:\/\/encuentroinformativo.com.mx\/?p=55597"},"modified":"2024-06-12T18:11:04","modified_gmt":"2024-06-13T00:11:04","slug":"claudia-tello-a-la-disposicion-de-asumir-la-sev","status":"publish","type":"post","link":"https:\/\/encuentroinformativo.com.mx\/?p=55597","title":{"rendered":"Claudia Tello &#8220;a la disposici\u00f3n&#8221; de asumir la SEV"},"content":{"rendered":"\n<p><strong>Dar\u00edo Pale <\/strong><\/p>\n\n\n\n<p>Xalapa, Ver.- La senadora electa, Claudia Tello, asegur\u00f3 que en estos momentos no ha sido llamada por la Gobernadora Electa, Roc\u00edo Nahle para estar al frente de la Secretar\u00eda de Educaci\u00f3n, pero dijo estar a su disposici\u00f3n si se le requiere.\u00a0<\/p>\n\n\n\n<p>&#8220;En este momento aun no sabemos, pero todo el apoyo para la compa\u00f1era Roc\u00edo Nahle y si ella dice estamos a la disposici\u00f3n. Mientras tanto hay que caminar por el Senado&#8221;, dijo.\u00a0<\/p>\n\n\n\n<p>Sin embargo, precis\u00f3 que de llegar a esa dependencia se continuar\u00e1 trabajando por el bienestar de los ni\u00f1os y j\u00f3venes para que no haya deserci\u00f3n y adem\u00e1s se asegurar\u00e1 la entrega de becas universales al nivel b\u00e1sico.\u00a0<\/p>\n\n\n\n<p>&#8220;Vamos a seguir trabajando por el bienestar de los j\u00f3venes y ni\u00f1os para que sigan sus estudios y no exista deserci\u00f3n, becas universales para todos, erradicar el analfabetismo y continuar trabajando por los maestros, llegar a acuerdos con los sindicatos, hay buena relaci\u00f3n con ellos&#8221;.\u00a0<\/p>\n\n\n\n<p>Agreg\u00f3 que un tema primordial de la Federaci\u00f3n es que todos sean atendidos, ya sea estudiando o trabajando para que el pa\u00eds sea m\u00e1s pr\u00f3spero, por lo que se asegurar\u00e1n las becas y se abrir\u00e1n m\u00e1s universidades Benito Ju\u00e1rez para que los j\u00f3venes puedan terminar sus estudios y tengan un buen trabajo.<\/p>\n","protected":false},"excerpt":{"rendered":"<p>Dar\u00edo Pale Xalapa, Ver.- La senadora electa, Claudia Tello, asegur\u00f3 que en estos momentos no ha sido llamada por la Gobernadora Electa, Roc\u00edo Nahle para estar al frente de la Secretar\u00eda de Educaci\u00f3n, pero dijo estar a su disposici\u00f3n si se le requiere.\u00a0 &#8220;En este momento aun no sabemos, pero todo el apoyo para la [&hellip;]<\/p>\n","protected":false},"author":2476,"featured_media":55598,"comment_status":"open","ping_status":"open","sticky":false,"template":"","format":"standard","meta":{"_jetpack_memberships_contains_paid_content":false,"footnotes":""},"categories":[2],"tags":[],"class_list":["post-55597","post","type-post","status-publish","format-standard","has-post-thumbnail","hentry","category-estado"],"jetpack_featured_media_url":"https:\/\/encuentroinformativo.com.mx\/wp-content\/uploads\/2024\/06\/IMG-20240612-WA0097.jpg","jetpack_sharing_enabled":true,"jetpack_likes_enabled":true,"amp_enabled":true,"_links":{"self":[{"href":"https:\/\/encuentroinformativo.com.mx\/index.php?rest_route=\/wp\/v2\/posts\/55597","targetHints":{"allow":["GET"]}}],"collection":[{"href":"https:\/\/encuentroinformativo.com.mx\/index.php?rest_route=\/wp\/v2\/posts"}],"about":[{"href":"https:\/\/encuentroinformativo.com.mx\/index.php?rest_route=\/wp\/v2\/types\/post"}],"author":[{"embeddable":true,"href":"https:\/\/encuentroinformativo.com.mx\/index.php?rest_route=\/wp\/v2\/users\/2476"}],"replies":[{"embeddable":true,"href":"https:\/\/encuentroinformativo.com.mx\/index.php?rest_route=%2Fwp%2Fv2%2Fcomments&post=55597"}],"version-history":[{"count":1,"href":"https:\/\/encuentroinformativo.com.mx\/index.php?rest_route=\/wp\/v2\/posts\/55597\/revisions"}],"predecessor-version":[{"id":55599,"href":"https:\/\/encuentroinformativo.com.mx\/index.php?rest_route=\/wp\/v2\/posts\/55597\/revisions\/55599"}],"wp:featuredmedia":[{"embeddable":true,"href":"https:\/\/encuentroinformativo.com.mx\/index.php?rest_route=\/wp\/v2\/media\/55598"}],"wp:attachment":[{"href":"https:\/\/encuentroinformativo.com.mx\/index.php?rest_route=%2Fwp%2Fv2%2Fmedia&parent=55597"}],"wp:term":[{"taxonomy":"category","embeddable":true,"href":"https:\/\/encuentroinformativo.com.mx\/index.php?rest_route=%2Fwp%2Fv2%2Fcategories&post=55597"},{"taxonomy":"post_tag","embeddable":true,"href":"https:\/\/encuentroinformativo.com.mx\/index.php?rest_route=%2Fwp%2Fv2%2Ftags&post=55597"}],"curies":[{"name":"wp","href":"https:\/\/api.w.org\/{rel}","templated":true}]}}