{"id":556,"date":"2020-03-09T16:25:58","date_gmt":"2020-03-09T22:25:58","guid":{"rendered":"https:\/\/encuentroinformativo.com\/?p=556"},"modified":"2020-03-09T16:25:58","modified_gmt":"2020-03-09T22:25:58","slug":"persiste-violencia-de-genero-en-san-lazaro-diputada","status":"publish","type":"post","link":"https:\/\/encuentroinformativo.com.mx\/?p=556","title":{"rendered":"Persiste violencia de g\u00e9nero en San L\u00e1zaro: Diputada"},"content":{"rendered":"\n<p><strong>Juan Arcos <\/strong><\/p>\n\n\n\n<p>Xalapa, Ver.- En la C\u00e1mara de Diputados federales se han registrado casos de violencia de g\u00e9nero, revel\u00f3 la legisladora Claudia Tello Espinosa.<\/p>\n\n\n\n<p>La diputada federal del Movimiento de Regeneraci\u00f3n Nacional (Morena) indic\u00f3 que a las mujeres se les ha limitado el derecho a pasar a tribuna.<\/p>\n\n\n\n<p>\u201cHay quienes no podemos pasar a la tribuna porque somos cr\u00edticos o cr\u00edticas y entonces nos quedamos a la espera de ver hasta cu\u00e1ndo podemos\u201d.<\/p>\n\n\n\n<p>Adem\u00e1s, refiri\u00f3 que las mismas diputadas han permitido que se d\u00e9 mayor prioridad a las propuestas legislativas de los varones.<br>En ese sentido, lament\u00f3 que todav\u00eda predomine el \u201cmachismo\u201d en el Poder Legislativo.<\/p>\n\n\n\n<p>\u201cEfectivamente todav\u00eda esa cultura del hombre, de que yo digo, yo hago, yo soy tiene que ir disminuyendo poco a poco\u201d.<\/p>\n\n\n\n<p>Por otra parte, Tello Espinosa se pronunci\u00f3 a favor de las numerosas protestas de mujeres para exigir una vida libre de violencia.<br><\/p>\n\n\n\n<p>Incluso, la Legisladora se manifest\u00f3 frente a Palacio de Gobierno, junto con las integrantes de la organizaci\u00f3n Vendedores Independientes Veracruzanos (VIVE).\u00a0<\/p>\n\n\n\n<p><\/p>\n","protected":false},"excerpt":{"rendered":"<p>Juan Arcos Xalapa, Ver.- En la C\u00e1mara de Diputados federales se han registrado casos de violencia de g\u00e9nero, revel\u00f3 la legisladora Claudia Tello Espinosa. La diputada federal del Movimiento de Regeneraci\u00f3n Nacional (Morena) indic\u00f3 que a las mujeres se les ha limitado el derecho a pasar a tribuna. \u201cHay quienes no podemos pasar a la [&hellip;]<\/p>\n","protected":false},"author":1,"featured_media":557,"comment_status":"open","ping_status":"open","sticky":false,"template":"","format":"standard","meta":{"_jetpack_memberships_contains_paid_content":false,"footnotes":""},"categories":[3],"tags":[],"class_list":["post-556","post","type-post","status-publish","format-standard","has-post-thumbnail","hentry","category-xalapa"],"jetpack_featured_media_url":"https:\/\/encuentroinformativo.com.mx\/wp-content\/uploads\/2020\/03\/C05C7EC1-3340-4471-A519-632F30C94D39.jpeg","jetpack_sharing_enabled":true,"jetpack_likes_enabled":true,"amp_enabled":true,"_links":{"self":[{"href":"https:\/\/encuentroinformativo.com.mx\/index.php?rest_route=\/wp\/v2\/posts\/556","targetHints":{"allow":["GET"]}}],"collection":[{"href":"https:\/\/encuentroinformativo.com.mx\/index.php?rest_route=\/wp\/v2\/posts"}],"about":[{"href":"https:\/\/encuentroinformativo.com.mx\/index.php?rest_route=\/wp\/v2\/types\/post"}],"author":[{"embeddable":true,"href":"https:\/\/encuentroinformativo.com.mx\/index.php?rest_route=\/wp\/v2\/users\/1"}],"replies":[{"embeddable":true,"href":"https:\/\/encuentroinformativo.com.mx\/index.php?rest_route=%2Fwp%2Fv2%2Fcomments&post=556"}],"version-history":[{"count":1,"href":"https:\/\/encuentroinformativo.com.mx\/index.php?rest_route=\/wp\/v2\/posts\/556\/revisions"}],"predecessor-version":[{"id":560,"href":"https:\/\/encuentroinformativo.com.mx\/index.php?rest_route=\/wp\/v2\/posts\/556\/revisions\/560"}],"wp:featuredmedia":[{"embeddable":true,"href":"https:\/\/encuentroinformativo.com.mx\/index.php?rest_route=\/wp\/v2\/media\/557"}],"wp:attachment":[{"href":"https:\/\/encuentroinformativo.com.mx\/index.php?rest_route=%2Fwp%2Fv2%2Fmedia&parent=556"}],"wp:term":[{"taxonomy":"category","embeddable":true,"href":"https:\/\/encuentroinformativo.com.mx\/index.php?rest_route=%2Fwp%2Fv2%2Fcategories&post=556"},{"taxonomy":"post_tag","embeddable":true,"href":"https:\/\/encuentroinformativo.com.mx\/index.php?rest_route=%2Fwp%2Fv2%2Ftags&post=556"}],"curies":[{"name":"wp","href":"https:\/\/api.w.org\/{rel}","templated":true}]}}