{"id":55600,"date":"2024-06-12T19:52:49","date_gmt":"2024-06-13T01:52:49","guid":{"rendered":"https:\/\/encuentroinformativo.com.mx\/?p=55600"},"modified":"2024-06-12T19:52:55","modified_gmt":"2024-06-13T01:52:55","slug":"impulsa-fundacion-cbro-que-jamapenos-aumenten-nivel-educativo","status":"publish","type":"post","link":"https:\/\/encuentroinformativo.com.mx\/?p=55600","title":{"rendered":"Impulsa Fundaci\u00f3n CBRO que jamape\u00f1os aumenten nivel educativo"},"content":{"rendered":"\n<p><strong>Alejandro \u00c1vila<\/strong><\/p>\n\n\n\n<p>Jamapa, Ver.- La Fundaci\u00f3n CBRO que preside, Pablo Caballero P\u00e9rez, buscar\u00e1 que las pr\u00f3ximas generaciones de estudiantes en el municipio de Jamapa, tengan como prioridad aumentar su nivel acad\u00e9mico.<\/p>\n\n\n\n<p>La directora de la Fundaci\u00f3n, Kari Guzm\u00e1n, mencion\u00f3 que en el municipio existen pocas secundarias y bachilleratos; aunado a ello, los pocos j\u00f3venes que terminan sus estudios de nivel medio superior desisten de continuar en las aulas y buscan obtener un empleo para mejorar su econom\u00eda.<\/p>\n\n\n\n<p>&#8220;La mayor parte de los apoyos ser\u00e1n destinados para las graduaciones de los estudiantes y aparatos electr\u00f3nicos para disminuir el calor en las aulas&#8221;, dijo Adri Guzm\u00e1n, coordinadora de Fundaci\u00f3n CBRO.<\/p>\n\n\n\n<p>Esta es una de las tantas acciones que Fundaci\u00f3n CBRO activar\u00e1 en la parte acad\u00e9mica del municipio de Jamapa, entidad que tiene un porcentaje muy alto de deserci\u00f3n escolar, situaci\u00f3n que se busque combatir para aumentar el nivel acad\u00e9mico y la competitividad de los j\u00f3venes antes de sus pr\u00f3ximos retos laborales.<\/p>\n","protected":false},"excerpt":{"rendered":"<p>Alejandro \u00c1vila Jamapa, Ver.- La Fundaci\u00f3n CBRO que preside, Pablo Caballero P\u00e9rez, buscar\u00e1 que las pr\u00f3ximas generaciones de estudiantes en el municipio de Jamapa, tengan como prioridad aumentar su nivel acad\u00e9mico. La directora de la Fundaci\u00f3n, Kari Guzm\u00e1n, mencion\u00f3 que en el municipio existen pocas secundarias y bachilleratos; aunado a ello, los pocos j\u00f3venes que [&hellip;]<\/p>\n","protected":false},"author":2476,"featured_media":55601,"comment_status":"open","ping_status":"open","sticky":false,"template":"","format":"standard","meta":{"_jetpack_memberships_contains_paid_content":false,"footnotes":""},"categories":[2],"tags":[],"class_list":["post-55600","post","type-post","status-publish","format-standard","has-post-thumbnail","hentry","category-estado"],"jetpack_featured_media_url":"https:\/\/encuentroinformativo.com.mx\/wp-content\/uploads\/2024\/06\/IMG-20240612-WA0057.jpg","jetpack_sharing_enabled":true,"jetpack_likes_enabled":true,"amp_enabled":true,"_links":{"self":[{"href":"https:\/\/encuentroinformativo.com.mx\/index.php?rest_route=\/wp\/v2\/posts\/55600","targetHints":{"allow":["GET"]}}],"collection":[{"href":"https:\/\/encuentroinformativo.com.mx\/index.php?rest_route=\/wp\/v2\/posts"}],"about":[{"href":"https:\/\/encuentroinformativo.com.mx\/index.php?rest_route=\/wp\/v2\/types\/post"}],"author":[{"embeddable":true,"href":"https:\/\/encuentroinformativo.com.mx\/index.php?rest_route=\/wp\/v2\/users\/2476"}],"replies":[{"embeddable":true,"href":"https:\/\/encuentroinformativo.com.mx\/index.php?rest_route=%2Fwp%2Fv2%2Fcomments&post=55600"}],"version-history":[{"count":1,"href":"https:\/\/encuentroinformativo.com.mx\/index.php?rest_route=\/wp\/v2\/posts\/55600\/revisions"}],"predecessor-version":[{"id":55602,"href":"https:\/\/encuentroinformativo.com.mx\/index.php?rest_route=\/wp\/v2\/posts\/55600\/revisions\/55602"}],"wp:featuredmedia":[{"embeddable":true,"href":"https:\/\/encuentroinformativo.com.mx\/index.php?rest_route=\/wp\/v2\/media\/55601"}],"wp:attachment":[{"href":"https:\/\/encuentroinformativo.com.mx\/index.php?rest_route=%2Fwp%2Fv2%2Fmedia&parent=55600"}],"wp:term":[{"taxonomy":"category","embeddable":true,"href":"https:\/\/encuentroinformativo.com.mx\/index.php?rest_route=%2Fwp%2Fv2%2Fcategories&post=55600"},{"taxonomy":"post_tag","embeddable":true,"href":"https:\/\/encuentroinformativo.com.mx\/index.php?rest_route=%2Fwp%2Fv2%2Ftags&post=55600"}],"curies":[{"name":"wp","href":"https:\/\/api.w.org\/{rel}","templated":true}]}}