{"id":55603,"date":"2024-06-12T21:41:23","date_gmt":"2024-06-13T03:41:23","guid":{"rendered":"https:\/\/encuentroinformativo.com.mx\/?p=55603"},"modified":"2024-06-12T21:41:30","modified_gmt":"2024-06-13T03:41:30","slug":"estamos-listos-para-recibir-el-salsa-fest-2024-alcalde-juan-manuel-unanue","status":"publish","type":"post","link":"https:\/\/encuentroinformativo.com.mx\/?p=55603","title":{"rendered":"Estamos listos para recibir el Salsa Fest 2024: Alcalde Juan Manuel Un\u00e1nue"},"content":{"rendered":"\n<ul class=\"wp-block-list\"><li><strong>D<em>e este jueves 13 y hasta el s\u00e1bado 15 de junio, locales y turistas disfrutar\u00e1n de lo mejor de la salsa en Boca del R\u00edo<\/em>.<\/strong><\/li><\/ul>\n\n\n\n<p>Boca del R\u00edo, Ver.- El alcalde de Boca del R\u00edo, Juan Manuel Un\u00e1nue Abascal, realiz\u00f3 un recorrido de supervisi\u00f3n de las instalaciones y estado en que se encuentra el Sals\u00f3dromo m\u00e1s grande del mundo, y as\u00ed dar la bienvenida a miles de personas que disfrutar\u00e1n de una edici\u00f3n m\u00e1s del Salsa Fest.<\/p>\n\n\n\n<p>\u201cRealizamos el recorrido de supervisi\u00f3n, checando que todo est\u00e9 listo apoyando a la Secretar\u00eda de Turismo (estatal) con el tema de la log\u00edstica, ya que es un fundamental tener un festival ordenado y seguro, hay total coordinaci\u00f3n empezando por la seguridad p\u00fablica, tr\u00e1nsito y protecci\u00f3n civil\u201d, destac\u00f3 el edil.<\/p>\n\n\n\n<p>Junto con el Secretario de Turismo de Veracruz; Iv\u00e1n Mart\u00ednez Olvera, la autoridad municipal enfatiz\u00f3 que se espera recibir a mas de 400 mil personas, quienes dejar\u00e1n una importante derrama econ\u00f3mica en el municipio y una ocupaci\u00f3n hotelera del cien por ciento.<\/p>\n\n\n\n<p>Un\u00e1nue Abascal reiter\u00f3 que Boca del R\u00edo es una ciudad con vocaci\u00f3n tur\u00edstica, por lo que est\u00e1 lista para recibir a visitantes de M\u00e9xico y el extranjero, gracias a la importante y moderna infraestructura urbana con la que se cuenta.<\/p>\n\n\n\n<p>Asimismo, inform\u00f3 que previamente la Direcci\u00f3n de Mantenimiento Urbano realiz\u00f3 trabajos en el bulevar Vicente Fox para dejarlo en perfecto estado del 13 al 15 de junio.<\/p>\n\n\n\n<p>De igual manera se implementar\u00e1 un operativo a cargo de la Direcci\u00f3n de Limpia P\u00fablica previo y al finalizar cada jornada de conciertos, para que desde temprana hora se encuentre en perfectas condiciones el bulevar Vicente Fox para su uso y disfrute.<\/p>\n\n\n\n<p>Finalmente, el alcalde Juan Manuel Un\u00e1nue Abascal dijo que la fuerza de tarea municipal estar\u00e1 integrada por la Polic\u00eda Municipal, Protecci\u00f3n Civil Municipal, Comercio, Turismo, Mantenimiento Urbano, Limpia P\u00fablica y Gobernaci\u00f3n.<\/p>\n\n\n\n<p>Por lo que se hace un exhorto a quienes asistan al Sals\u00f3dromo durante los tres d\u00edas, a respetar y seguir las recomendaciones de las autoridades presentes; en el caso de la zona de playas, queda prohibido su ingreso por la noche.<\/p>\n\n\n\n<figure class=\"wp-block-image size-large\"><img loading=\"lazy\" decoding=\"async\" width=\"1024\" height=\"682\" src=\"https:\/\/encuentroinformativo.com.mx\/wp-content\/uploads\/2024\/06\/1000322424-1024x682.jpg\" alt=\"\" class=\"wp-image-55605\" srcset=\"https:\/\/encuentroinformativo.com.mx\/wp-content\/uploads\/2024\/06\/1000322424-1024x682.jpg 1024w, https:\/\/encuentroinformativo.com.mx\/wp-content\/uploads\/2024\/06\/1000322424-300x200.jpg 300w, https:\/\/encuentroinformativo.com.mx\/wp-content\/uploads\/2024\/06\/1000322424-768x511.jpg 768w, https:\/\/encuentroinformativo.com.mx\/wp-content\/uploads\/2024\/06\/1000322424.jpg 1280w\" sizes=\"auto, (max-width: 1024px) 100vw, 1024px\" \/><\/figure>\n","protected":false},"excerpt":{"rendered":"<p>De este jueves 13 y hasta el s\u00e1bado 15 de junio, locales y turistas disfrutar\u00e1n de lo mejor de la salsa en Boca del R\u00edo. Boca del R\u00edo, Ver.- El alcalde de Boca del R\u00edo, Juan Manuel Un\u00e1nue Abascal, realiz\u00f3 un recorrido de supervisi\u00f3n de las instalaciones y estado en que se encuentra el Sals\u00f3dromo [&hellip;]<\/p>\n","protected":false},"author":2476,"featured_media":55604,"comment_status":"open","ping_status":"open","sticky":false,"template":"","format":"standard","meta":{"_jetpack_memberships_contains_paid_content":false,"footnotes":""},"categories":[2],"tags":[],"class_list":["post-55603","post","type-post","status-publish","format-standard","has-post-thumbnail","hentry","category-estado"],"jetpack_featured_media_url":"https:\/\/encuentroinformativo.com.mx\/wp-content\/uploads\/2024\/06\/IMG-20240612-WA0129.jpg","jetpack_sharing_enabled":true,"jetpack_likes_enabled":true,"amp_enabled":true,"_links":{"self":[{"href":"https:\/\/encuentroinformativo.com.mx\/index.php?rest_route=\/wp\/v2\/posts\/55603","targetHints":{"allow":["GET"]}}],"collection":[{"href":"https:\/\/encuentroinformativo.com.mx\/index.php?rest_route=\/wp\/v2\/posts"}],"about":[{"href":"https:\/\/encuentroinformativo.com.mx\/index.php?rest_route=\/wp\/v2\/types\/post"}],"author":[{"embeddable":true,"href":"https:\/\/encuentroinformativo.com.mx\/index.php?rest_route=\/wp\/v2\/users\/2476"}],"replies":[{"embeddable":true,"href":"https:\/\/encuentroinformativo.com.mx\/index.php?rest_route=%2Fwp%2Fv2%2Fcomments&post=55603"}],"version-history":[{"count":1,"href":"https:\/\/encuentroinformativo.com.mx\/index.php?rest_route=\/wp\/v2\/posts\/55603\/revisions"}],"predecessor-version":[{"id":55606,"href":"https:\/\/encuentroinformativo.com.mx\/index.php?rest_route=\/wp\/v2\/posts\/55603\/revisions\/55606"}],"wp:featuredmedia":[{"embeddable":true,"href":"https:\/\/encuentroinformativo.com.mx\/index.php?rest_route=\/wp\/v2\/media\/55604"}],"wp:attachment":[{"href":"https:\/\/encuentroinformativo.com.mx\/index.php?rest_route=%2Fwp%2Fv2%2Fmedia&parent=55603"}],"wp:term":[{"taxonomy":"category","embeddable":true,"href":"https:\/\/encuentroinformativo.com.mx\/index.php?rest_route=%2Fwp%2Fv2%2Fcategories&post=55603"},{"taxonomy":"post_tag","embeddable":true,"href":"https:\/\/encuentroinformativo.com.mx\/index.php?rest_route=%2Fwp%2Fv2%2Ftags&post=55603"}],"curies":[{"name":"wp","href":"https:\/\/api.w.org\/{rel}","templated":true}]}}