{"id":55617,"date":"2024-06-13T13:56:47","date_gmt":"2024-06-13T19:56:47","guid":{"rendered":"https:\/\/encuentroinformativo.com.mx\/?p=55617"},"modified":"2024-06-13T13:56:52","modified_gmt":"2024-06-13T19:56:52","slug":"casi-tres-mil-estudiantes-buscan-ingresar-a-la-normal-veracruzana","status":"publish","type":"post","link":"https:\/\/encuentroinformativo.com.mx\/?p=55617","title":{"rendered":"Casi tres mil estudiantes buscan ingresar a la Normal Veracruzana"},"content":{"rendered":"\n<p><strong>Dar\u00edo Pale <\/strong><\/p>\n\n\n\n<p>Xalapa, Ver.- Aspirantes a ingresar a la Benem\u00e9rita Escuela Normal Veracruzana (BENV), este d\u00eda presentaron su examen de admisi\u00f3n son aproximadamente 2 ml 600 alumnos para buscar un espacio en una de las cinco licenciaturas que ofrece dicha instituci\u00f3n.<\/p>\n\n\n\n<p>En entrevista el director de dicho plantel, Gerardo G\u00f3mez Salas, se\u00f1al\u00f3 que actualmente se ofertan \u00fanicamente 360 vacantes repartidas entre las cinco licenciaturas.\u00a0<\/p>\n\n\n\n<p>Asimismo, coment\u00f3 que son cinco licenciaturas: la licenciatura en Educaci\u00f3n Preescolar, Primaria, Educaci\u00f3n en Telesecundaria, en Educaci\u00f3n Especial y en Educaci\u00f3n F\u00edsica, de las cuales la licenciatura en Preescolar es la de mayor demanda.\u00a0<\/p>\n\n\n\n<p>Asimismo, dijo que la demanda para ingresar a esta escuela increment\u00f3 un 30 por ciento con respecto al a\u00f1o pasado.\u00a0<\/p>\n\n\n\n<p>Al ser cuestionado sobre la posibilidad de ampliar la matr\u00edcula, el director expuso que esto depende de la Unidad de Planeaci\u00f3n de la Secretar\u00eda de Educaci\u00f3n de Veracruz (SEV), pues es quien \u00a0determina el total de la matr\u00edcula.<\/p>\n","protected":false},"excerpt":{"rendered":"<p>Dar\u00edo Pale Xalapa, Ver.- Aspirantes a ingresar a la Benem\u00e9rita Escuela Normal Veracruzana (BENV), este d\u00eda presentaron su examen de admisi\u00f3n son aproximadamente 2 ml 600 alumnos para buscar un espacio en una de las cinco licenciaturas que ofrece dicha instituci\u00f3n. En entrevista el director de dicho plantel, Gerardo G\u00f3mez Salas, se\u00f1al\u00f3 que actualmente se [&hellip;]<\/p>\n","protected":false},"author":2476,"featured_media":55618,"comment_status":"open","ping_status":"open","sticky":false,"template":"","format":"standard","meta":{"_jetpack_memberships_contains_paid_content":false,"footnotes":""},"categories":[3],"tags":[],"class_list":["post-55617","post","type-post","status-publish","format-standard","has-post-thumbnail","hentry","category-xalapa"],"jetpack_featured_media_url":"https:\/\/encuentroinformativo.com.mx\/wp-content\/uploads\/2024\/06\/IMG-20240613-WA0018.jpg","jetpack_sharing_enabled":true,"jetpack_likes_enabled":true,"amp_enabled":true,"_links":{"self":[{"href":"https:\/\/encuentroinformativo.com.mx\/index.php?rest_route=\/wp\/v2\/posts\/55617","targetHints":{"allow":["GET"]}}],"collection":[{"href":"https:\/\/encuentroinformativo.com.mx\/index.php?rest_route=\/wp\/v2\/posts"}],"about":[{"href":"https:\/\/encuentroinformativo.com.mx\/index.php?rest_route=\/wp\/v2\/types\/post"}],"author":[{"embeddable":true,"href":"https:\/\/encuentroinformativo.com.mx\/index.php?rest_route=\/wp\/v2\/users\/2476"}],"replies":[{"embeddable":true,"href":"https:\/\/encuentroinformativo.com.mx\/index.php?rest_route=%2Fwp%2Fv2%2Fcomments&post=55617"}],"version-history":[{"count":1,"href":"https:\/\/encuentroinformativo.com.mx\/index.php?rest_route=\/wp\/v2\/posts\/55617\/revisions"}],"predecessor-version":[{"id":55619,"href":"https:\/\/encuentroinformativo.com.mx\/index.php?rest_route=\/wp\/v2\/posts\/55617\/revisions\/55619"}],"wp:featuredmedia":[{"embeddable":true,"href":"https:\/\/encuentroinformativo.com.mx\/index.php?rest_route=\/wp\/v2\/media\/55618"}],"wp:attachment":[{"href":"https:\/\/encuentroinformativo.com.mx\/index.php?rest_route=%2Fwp%2Fv2%2Fmedia&parent=55617"}],"wp:term":[{"taxonomy":"category","embeddable":true,"href":"https:\/\/encuentroinformativo.com.mx\/index.php?rest_route=%2Fwp%2Fv2%2Fcategories&post=55617"},{"taxonomy":"post_tag","embeddable":true,"href":"https:\/\/encuentroinformativo.com.mx\/index.php?rest_route=%2Fwp%2Fv2%2Ftags&post=55617"}],"curies":[{"name":"wp","href":"https:\/\/api.w.org\/{rel}","templated":true}]}}