{"id":5563,"date":"2020-09-04T15:05:38","date_gmt":"2020-09-04T20:05:38","guid":{"rendered":"https:\/\/encuentroinformativo.com\/?p=5563"},"modified":"2020-09-04T15:05:40","modified_gmt":"2020-09-04T20:05:40","slug":"usmev-pide-a-sev-atender-pendientes-con-sindicatos-magisteriales","status":"publish","type":"post","link":"https:\/\/encuentroinformativo.com.mx\/?p=5563","title":{"rendered":"USMEV pide a SEV atender pendientes con sindicatos magisteriales"},"content":{"rendered":"\n<p><strong>Juan Arcos <\/strong><\/p>\n\n\n\n<p>Xalapa, Ver.- Integrantes de la Uni\u00f3n de Sindicatos Magisteriales del Estado de Veracruz (USMEV) pidieron al gobernador Cuitl\u00e1huac Garc\u00eda Jim\u00e9nez que intervenga para que sean atendidos los tr\u00e1mites y necesidades de los docentes en la entidad.<\/p>\n\n\n\n<p>De acuerdo con Jos\u00e9 Ignacio Ortiz Reyes, secretario general de Alternativa Sindical de Trabajadores de la Educaci\u00f3n de Veracruz (ASTEV), la USMEV lleva a cabo una gira en las diferentes regiones del estado para escuchar a los docentes y dar seguimiento a cuestiones pendientes en la Secretar\u00eda de Educaci\u00f3n de Veracruz (SEV), como recategorizaciones y cambios de adscripci\u00f3n.<\/p>\n\n\n\n<p>En conferencia de prensa, realizada en el municipio de Coatepec, el l\u00edder sindical record\u00f3 que el pasado mi\u00e9rcoles acudieron al Puerto de Veracruz, como parte de dicha gira.<\/p>\n\n\n\n<p>Adem\u00e1s, la siguiente semana, visitar\u00e1n la zona norte de la entidad, como los municipios de Poza Rica, \u00c1lamo, Tantoyuca, Tuxpan y Mart\u00ednez de la Torre.<\/p>\n\n\n\n<p>A mediados de septiembre, tambi\u00e9n recorrer\u00e1n municipios de la zona sur del estado, como Coatzacoalcos, Cosamaloapan, as\u00ed como la regi\u00f3n de Los Tuxtlas.<\/p>\n\n\n\n<p>Ortiz Reyes indic\u00f3 que ya han sostenido reuniones con autoridades de la Secretar\u00eda de Finanzas y Planeaci\u00f3n (Sefiplan) para sean atendidas las solicitudes de recategorizaciones.<\/p>\n\n\n\n<p>\u201cHacemos el exhorto al Gobernador para que se atiendan las necesidades puntuales, porque al inicio de esta administraci\u00f3n se dijo que el estado se encontr\u00f3 en un esquema fallido, econ\u00f3micamente, lamentablemente en este ejercicio, el tema de la contingencia ha hecho que todo se redireccione hacia otro rubro y el a\u00f1o que viene es electoral. Las necesidades de los maestros son puntuales y requieren de atenci\u00f3n inmediata\u201d.<\/p>\n\n\n\n<p>En ese sentido, el Secretario General de Alternativa Sindical de Trabajadores de la Educaci\u00f3n de Veracruz indic\u00f3 que en las giras de trabajo tambi\u00e9n se recaba informaci\u00f3n sobre las principales necesidades de los maestros para garantizar el proceso ense\u00f1anza-aprendizaje de manera virtual, ante la pandemia del SARS-COV-2 (COVID-19).\u00a0<\/p>\n\n\n\n<p><\/p>\n\n\n\n<p><\/p>\n","protected":false},"excerpt":{"rendered":"<p>Juan Arcos Xalapa, Ver.- Integrantes de la Uni\u00f3n de Sindicatos Magisteriales del Estado de Veracruz (USMEV) pidieron al gobernador Cuitl\u00e1huac Garc\u00eda Jim\u00e9nez que intervenga para que sean atendidos los tr\u00e1mites y necesidades de los docentes en la entidad. De acuerdo con Jos\u00e9 Ignacio Ortiz Reyes, secretario general de Alternativa Sindical de Trabajadores de la Educaci\u00f3n [&hellip;]<\/p>\n","protected":false},"author":1,"featured_media":5564,"comment_status":"open","ping_status":"open","sticky":false,"template":"","format":"standard","meta":{"_jetpack_memberships_contains_paid_content":false,"footnotes":""},"categories":[2],"tags":[],"class_list":["post-5563","post","type-post","status-publish","format-standard","has-post-thumbnail","hentry","category-estado"],"jetpack_featured_media_url":"https:\/\/encuentroinformativo.com.mx\/wp-content\/uploads\/2020\/09\/EEFDB966-5DFD-44BB-83C5-E2C59412C901.jpeg","jetpack_sharing_enabled":true,"jetpack_likes_enabled":true,"amp_enabled":true,"_links":{"self":[{"href":"https:\/\/encuentroinformativo.com.mx\/index.php?rest_route=\/wp\/v2\/posts\/5563","targetHints":{"allow":["GET"]}}],"collection":[{"href":"https:\/\/encuentroinformativo.com.mx\/index.php?rest_route=\/wp\/v2\/posts"}],"about":[{"href":"https:\/\/encuentroinformativo.com.mx\/index.php?rest_route=\/wp\/v2\/types\/post"}],"author":[{"embeddable":true,"href":"https:\/\/encuentroinformativo.com.mx\/index.php?rest_route=\/wp\/v2\/users\/1"}],"replies":[{"embeddable":true,"href":"https:\/\/encuentroinformativo.com.mx\/index.php?rest_route=%2Fwp%2Fv2%2Fcomments&post=5563"}],"version-history":[{"count":1,"href":"https:\/\/encuentroinformativo.com.mx\/index.php?rest_route=\/wp\/v2\/posts\/5563\/revisions"}],"predecessor-version":[{"id":5565,"href":"https:\/\/encuentroinformativo.com.mx\/index.php?rest_route=\/wp\/v2\/posts\/5563\/revisions\/5565"}],"wp:featuredmedia":[{"embeddable":true,"href":"https:\/\/encuentroinformativo.com.mx\/index.php?rest_route=\/wp\/v2\/media\/5564"}],"wp:attachment":[{"href":"https:\/\/encuentroinformativo.com.mx\/index.php?rest_route=%2Fwp%2Fv2%2Fmedia&parent=5563"}],"wp:term":[{"taxonomy":"category","embeddable":true,"href":"https:\/\/encuentroinformativo.com.mx\/index.php?rest_route=%2Fwp%2Fv2%2Fcategories&post=5563"},{"taxonomy":"post_tag","embeddable":true,"href":"https:\/\/encuentroinformativo.com.mx\/index.php?rest_route=%2Fwp%2Fv2%2Ftags&post=5563"}],"curies":[{"name":"wp","href":"https:\/\/api.w.org\/{rel}","templated":true}]}}