{"id":55637,"date":"2024-06-14T11:08:42","date_gmt":"2024-06-14T17:08:42","guid":{"rendered":"https:\/\/encuentroinformativo.com.mx\/?p=55637"},"modified":"2024-06-14T11:08:47","modified_gmt":"2024-06-14T17:08:47","slug":"construccion-de-semefo-afectara-arboles-vecinos","status":"publish","type":"post","link":"https:\/\/encuentroinformativo.com.mx\/?p=55637","title":{"rendered":"Construcci\u00f3n de Semefo afectar\u00e1 \u00e1rboles, vecinos"},"content":{"rendered":"\n<p><strong>Juan Arcos <\/strong><\/p>\n\n\n\n<p>Xalapa, Ver.- Vecinos de la colonia \u00c1lvaro Obreg\u00f3n protestaron desde las seis de la ma\u00f1ana de este viernes afuera del pante\u00f3n Palo Verde, en esta ciudad de Xalapa, para exigir la reubicaci\u00f3n del proyecto para la construcci\u00f3n de un centro de identificaci\u00f3n humana.<\/p>\n\n\n\n<p>Los inconformes se oponen a la obra, porque a su juicio contempla el derribo de m\u00e1s de 40 \u00e1rboles sobre la calle Joaqu\u00edn Pensado.<\/p>\n\n\n\n<p>Se concentraron en la reja principal del cementerio, sobre la avenida 20 de Noviembre, para posteriormente iniciar una marcha hacia el centro hist\u00f3rico de la ciudad de Xalapa y as\u00ed alzar la voz tambi\u00e9n frente a Palacio de Gobierno y Palacio Municipal.<\/p>\n\n\n\n<p>De acuerdo con Guadalupe Rivera, vecina de la zona, se oponen a la construcci\u00f3n de un edificio en un \u00e1rea natural que causar\u00eda da\u00f1os ambientales y de seguridad.<\/p>\n\n\n\n<p>Nuestro movimiento es para exigir una reubicaci\u00f3n a un edificio que va a servir como Semefo, porque as\u00ed desde el d\u00eda uno lo han manejado como Semefo. Y aqu\u00ed lo que queremos evitar es tanto la inseguridad que puede crear, as\u00ed como la p\u00e9rdida de flores, fauna, que es muy importante.<\/p>\n\n\n\n<p>Por tal motivo, los residentes de la colonia \u00c1lvaro Obreg\u00f3n pidieron ser escuchados y buscar un arreglo pac\u00edfico con las autoridades.<\/p>\n\n\n\n<p>\u201cMis vecinos amablemente hicieron una pregunta a las personas que estaban trabajando en ese momento y dijeron, pues vamos a poner un Semefo. Sin embargo, ojo, no nos negamos a la tecnolog\u00eda ni a la ciencia, pero s\u00ed nos negamos a que pongan un edificio, un Semefo en un \u00e1rea que podemos perder flora, fauna, pero sobre todo perdemos la tranquilidad de todos los ciudadanos. Entonces estamos alzando la voz, estamos siendo pac\u00edficos en nuestra marcha\u201d.<\/p>\n\n\n\n<p>Los quejosos negaron que se hayan opuesto a buscar un acuerdo, pues hace unos d\u00edas el alcalde de Xalapa, Ricardo Ahued Bardahuil, dijo que la obra se suspender\u00eda porque no hab\u00eda consenso con los vecinos.<\/p>\n\n\n\n<p>\u201cEs una invitaci\u00f3n para que s\u00ed seamos escuchados. No nos vayamos con que no hemos querido nosotros en llegar a un arreglo. No, no nos equivoquemos. Ahora le hacemos la atenta invitaci\u00f3n a nuestro alcalde para que venga a la colonia, que venga \u00e9l y vea que el proyecto que se quiere llevar a cabo no es id\u00f3neo ni pertinente para que sea realizado en el pante\u00f3n Palo Verde\u201d.<\/p>\n\n\n\n<p>En el pante\u00f3n Palo Verde se contempla la construcci\u00f3n de un Centro de Identificaci\u00f3n Humana, una obra que exigieron durante a\u00f1os los familiares de personas desaparecidas, como parte de las acciones para la localizaci\u00f3n de sus seres queridos.<\/p>\n","protected":false},"excerpt":{"rendered":"<p>Juan Arcos Xalapa, Ver.- Vecinos de la colonia \u00c1lvaro Obreg\u00f3n protestaron desde las seis de la ma\u00f1ana de este viernes afuera del pante\u00f3n Palo Verde, en esta ciudad de Xalapa, para exigir la reubicaci\u00f3n del proyecto para la construcci\u00f3n de un centro de identificaci\u00f3n humana. Los inconformes se oponen a la obra, porque a su [&hellip;]<\/p>\n","protected":false},"author":2476,"featured_media":55638,"comment_status":"open","ping_status":"open","sticky":false,"template":"","format":"standard","meta":{"_jetpack_memberships_contains_paid_content":false,"footnotes":""},"categories":[3],"tags":[],"class_list":["post-55637","post","type-post","status-publish","format-standard","has-post-thumbnail","hentry","category-xalapa"],"jetpack_featured_media_url":"https:\/\/encuentroinformativo.com.mx\/wp-content\/uploads\/2024\/06\/9f443d88-e10e-4ee9-8278-e83e2d8f9861.jpg","jetpack_sharing_enabled":true,"jetpack_likes_enabled":true,"amp_enabled":true,"_links":{"self":[{"href":"https:\/\/encuentroinformativo.com.mx\/index.php?rest_route=\/wp\/v2\/posts\/55637","targetHints":{"allow":["GET"]}}],"collection":[{"href":"https:\/\/encuentroinformativo.com.mx\/index.php?rest_route=\/wp\/v2\/posts"}],"about":[{"href":"https:\/\/encuentroinformativo.com.mx\/index.php?rest_route=\/wp\/v2\/types\/post"}],"author":[{"embeddable":true,"href":"https:\/\/encuentroinformativo.com.mx\/index.php?rest_route=\/wp\/v2\/users\/2476"}],"replies":[{"embeddable":true,"href":"https:\/\/encuentroinformativo.com.mx\/index.php?rest_route=%2Fwp%2Fv2%2Fcomments&post=55637"}],"version-history":[{"count":1,"href":"https:\/\/encuentroinformativo.com.mx\/index.php?rest_route=\/wp\/v2\/posts\/55637\/revisions"}],"predecessor-version":[{"id":55639,"href":"https:\/\/encuentroinformativo.com.mx\/index.php?rest_route=\/wp\/v2\/posts\/55637\/revisions\/55639"}],"wp:featuredmedia":[{"embeddable":true,"href":"https:\/\/encuentroinformativo.com.mx\/index.php?rest_route=\/wp\/v2\/media\/55638"}],"wp:attachment":[{"href":"https:\/\/encuentroinformativo.com.mx\/index.php?rest_route=%2Fwp%2Fv2%2Fmedia&parent=55637"}],"wp:term":[{"taxonomy":"category","embeddable":true,"href":"https:\/\/encuentroinformativo.com.mx\/index.php?rest_route=%2Fwp%2Fv2%2Fcategories&post=55637"},{"taxonomy":"post_tag","embeddable":true,"href":"https:\/\/encuentroinformativo.com.mx\/index.php?rest_route=%2Fwp%2Fv2%2Ftags&post=55637"}],"curies":[{"name":"wp","href":"https:\/\/api.w.org\/{rel}","templated":true}]}}