{"id":55640,"date":"2024-06-14T11:40:17","date_gmt":"2024-06-14T17:40:17","guid":{"rendered":"https:\/\/encuentroinformativo.com.mx\/?p=55640"},"modified":"2024-06-14T11:40:23","modified_gmt":"2024-06-14T17:40:23","slug":"alcaldesa-invita-a-gobierno-federal-y-estatal-a-combatir-el-problema-del-agua-en-veracruz","status":"publish","type":"post","link":"https:\/\/encuentroinformativo.com.mx\/?p=55640","title":{"rendered":"Alcaldesa invita a gobierno federal y estatal a combatir el problema del agua en Veracruz"},"content":{"rendered":"\n<p><strong>Alejandro \u00c1vila<\/strong><\/p>\n\n\n\n<p>Veracruz, Ver.- La alcaldesa, Patricia Lobeira Rodr\u00edguez, invit\u00f3 al gobierno federal a trav\u00e9s de la Conagua y al gobierno estatal a crear un grupo de trabajo donde se busque el beneficio de los ciudadanos veracruzanos y combatir el problema de d\u00e9ficit de agua en la ciudad.<\/p>\n\n\n\n<p>Comparto su preocupaci\u00f3n y por ello atentamente los exhorto a lo siguiente:<\/p>\n\n\n\n<p>Instalar de inmediato un grupo de trabajo encabezado por el Ayuntamiento que presido y al cual se incorporen representantes de Conagua y del gobierno estatal as\u00ed como de la empresa Grupo M\u00e1s que presta el servicio desde hace 8 a\u00f1os, para evaluar la situaci\u00f3n y plantear soluciones inmediatas.<\/p>\n\n\n\n<p>Que el gobierno federal y el estatal intervengan para que el Presidente Municipal de Medellin, que es de su mismo partido MORENA, no siga oponi\u00e9ndose a la construcci\u00f3n de la toma de agua a partir del R\u00edo Cotaxtla, misma que resolver\u00eda el problema.<\/p>\n\n\n\n<p>Por la oposici\u00f3n del Alcalde de Medellin, Marcos Isle\u00f1o, esta obra no se ha podido llevar a cabo a pesar de que se cuenta con los recursos, afectando gravemente a los habitantes de Veracruz y Boca del R\u00edo. Podr\u00eda ya haberse inaugurado desde el pasado mes de marzo y no estar\u00edamos sufriendo la situaci\u00f3n actual.<\/p>\n\n\n\n<p>Que el gobierno federal y el estatal aporten recursos y equipo para resolver el problema inmediato, como ya lo estamos haciendo en el Ayuntamiento de Veracruz, en particular teniendo presente la temporada de gran afluencia tur\u00edstica por el Carnaval de Veracruz y la temporada vacacional de verano.<\/p>\n\n\n\n<p>Informar de manera puntual y precisa a la poblaci\u00f3n acerca del problema y de las acciones que hemos tomado para la soluci\u00f3n del mismo.<\/p>\n","protected":false},"excerpt":{"rendered":"<p>Alejandro \u00c1vila Veracruz, Ver.- La alcaldesa, Patricia Lobeira Rodr\u00edguez, invit\u00f3 al gobierno federal a trav\u00e9s de la Conagua y al gobierno estatal a crear un grupo de trabajo donde se busque el beneficio de los ciudadanos veracruzanos y combatir el problema de d\u00e9ficit de agua en la ciudad. Comparto su preocupaci\u00f3n y por ello atentamente [&hellip;]<\/p>\n","protected":false},"author":2476,"featured_media":55641,"comment_status":"open","ping_status":"open","sticky":false,"template":"","format":"standard","meta":{"_jetpack_memberships_contains_paid_content":false,"footnotes":""},"categories":[2],"tags":[],"class_list":["post-55640","post","type-post","status-publish","format-standard","has-post-thumbnail","hentry","category-estado"],"jetpack_featured_media_url":"https:\/\/encuentroinformativo.com.mx\/wp-content\/uploads\/2024\/06\/IMG-20240614-WA00532.jpg","jetpack_sharing_enabled":true,"jetpack_likes_enabled":true,"amp_enabled":true,"_links":{"self":[{"href":"https:\/\/encuentroinformativo.com.mx\/index.php?rest_route=\/wp\/v2\/posts\/55640","targetHints":{"allow":["GET"]}}],"collection":[{"href":"https:\/\/encuentroinformativo.com.mx\/index.php?rest_route=\/wp\/v2\/posts"}],"about":[{"href":"https:\/\/encuentroinformativo.com.mx\/index.php?rest_route=\/wp\/v2\/types\/post"}],"author":[{"embeddable":true,"href":"https:\/\/encuentroinformativo.com.mx\/index.php?rest_route=\/wp\/v2\/users\/2476"}],"replies":[{"embeddable":true,"href":"https:\/\/encuentroinformativo.com.mx\/index.php?rest_route=%2Fwp%2Fv2%2Fcomments&post=55640"}],"version-history":[{"count":1,"href":"https:\/\/encuentroinformativo.com.mx\/index.php?rest_route=\/wp\/v2\/posts\/55640\/revisions"}],"predecessor-version":[{"id":55642,"href":"https:\/\/encuentroinformativo.com.mx\/index.php?rest_route=\/wp\/v2\/posts\/55640\/revisions\/55642"}],"wp:featuredmedia":[{"embeddable":true,"href":"https:\/\/encuentroinformativo.com.mx\/index.php?rest_route=\/wp\/v2\/media\/55641"}],"wp:attachment":[{"href":"https:\/\/encuentroinformativo.com.mx\/index.php?rest_route=%2Fwp%2Fv2%2Fmedia&parent=55640"}],"wp:term":[{"taxonomy":"category","embeddable":true,"href":"https:\/\/encuentroinformativo.com.mx\/index.php?rest_route=%2Fwp%2Fv2%2Fcategories&post=55640"},{"taxonomy":"post_tag","embeddable":true,"href":"https:\/\/encuentroinformativo.com.mx\/index.php?rest_route=%2Fwp%2Fv2%2Ftags&post=55640"}],"curies":[{"name":"wp","href":"https:\/\/api.w.org\/{rel}","templated":true}]}}