{"id":55649,"date":"2024-06-14T14:12:18","date_gmt":"2024-06-14T20:12:18","guid":{"rendered":"https:\/\/encuentroinformativo.com.mx\/?p=55649"},"modified":"2024-06-14T14:12:23","modified_gmt":"2024-06-14T20:12:23","slug":"colocan-fotos-de-joven-desaparecida-frente-a-palacio-de-gobierno","status":"publish","type":"post","link":"https:\/\/encuentroinformativo.com.mx\/?p=55649","title":{"rendered":"Colocan fotos de joven desaparecida frente a Palacio de Gobierno"},"content":{"rendered":"\n<p><strong>Juan Arcos<\/strong> <\/p>\n\n\n\n<p>Xalapa, Ver.- La fotograf\u00eda de Delmi Mairely Garc\u00eda Vel\u00e1squez, de 23 a\u00f1os, fue colocada sobre postes de luz frente a Palacio de Gobierno para su b\u00fasqueda y localizaci\u00f3n con vida.<\/p>\n\n\n\n<p>La joven fue reportada como desaparecida desde el pasado lunes 10 de junio en la ciudad de Xalapa, la capital del estado de Veracruz.<\/p>\n\n\n\n<p>La ficha de b\u00fasqueda con sus se\u00f1as particulares se observa en postes de alumbrado p\u00fablico y tambi\u00e9n en paredes de las calles Juan de la Luz Enr\u00edquez y Leandro Valle.<\/p>\n\n\n\n<p>Se trata de la ficha con n\u00famero 24\/SB 0876U-24ZC, la cual fue difundida por la Comisi\u00f3n Estatal de B\u00fasqueda de Veracruz (CEBV). La chica mide un metro con 60 cent\u00edmetros. Tiene ojos color caf\u00e9 oscuro, la piel morena clara y el cabello, negro, corto y ondulado.<\/p>\n\n\n\n<p>De acuerdo con el reporte de las autoridades, Delmi requiere tratamiento m\u00e9dico especializado y como parte de sus se\u00f1as particulares tiene un lunar en mano derecha, espinillas en el cuello y boca mediana.<\/p>\n\n\n\n<p>La Comisi\u00f3n Estatal de B\u00fasqueda de Veracruz indica que la integridad f\u00edsica de la persona pudiera estar en riesgo, pues podr\u00eda ser v\u00edctima de la comisi\u00f3n de un delito.<\/p>\n\n\n\n<p>\u201cLa b\u00fasqueda de una persona puede generar informaci\u00f3n confusa, para acceder a la fuente fidedigna, favor de referirse a los canales oficiales\u201d, se lee en un bolet\u00edn de la CEBV.<\/p>\n\n\n\n<p>Quienes tengan informaci\u00f3n sobre el paradero de la mujer pueden comunicarse al n\u00famero telef\u00f3nico 228 319 3187 o al correo electr\u00f3nico b\u00fa<a rel=\"noreferrer noopener\" href=\"mailto:squeda.veracruz@gmail.com\" target=\"_blank\">squeda.veracruz@gmail.com<\/a>\u00a0al de emergencias 911 y\u00a0<a rel=\"noreferrer noopener\" href=\"http:\/\/segobver.gob.mx\/cebv\/\" target=\"_blank\">segobver.gob.mx\/cebv\/<\/a>.<\/p>\n","protected":false},"excerpt":{"rendered":"<p>Juan Arcos Xalapa, Ver.- La fotograf\u00eda de Delmi Mairely Garc\u00eda Vel\u00e1squez, de 23 a\u00f1os, fue colocada sobre postes de luz frente a Palacio de Gobierno para su b\u00fasqueda y localizaci\u00f3n con vida. La joven fue reportada como desaparecida desde el pasado lunes 10 de junio en la ciudad de Xalapa, la capital del estado de [&hellip;]<\/p>\n","protected":false},"author":2476,"featured_media":55650,"comment_status":"open","ping_status":"open","sticky":false,"template":"","format":"standard","meta":{"_jetpack_memberships_contains_paid_content":false,"footnotes":""},"categories":[3],"tags":[],"class_list":["post-55649","post","type-post","status-publish","format-standard","has-post-thumbnail","hentry","category-xalapa"],"jetpack_featured_media_url":"https:\/\/encuentroinformativo.com.mx\/wp-content\/uploads\/2024\/06\/423d2574-e484-4fb0-a980-264f5cbd43ef.jpg","jetpack_sharing_enabled":true,"jetpack_likes_enabled":true,"amp_enabled":true,"_links":{"self":[{"href":"https:\/\/encuentroinformativo.com.mx\/index.php?rest_route=\/wp\/v2\/posts\/55649","targetHints":{"allow":["GET"]}}],"collection":[{"href":"https:\/\/encuentroinformativo.com.mx\/index.php?rest_route=\/wp\/v2\/posts"}],"about":[{"href":"https:\/\/encuentroinformativo.com.mx\/index.php?rest_route=\/wp\/v2\/types\/post"}],"author":[{"embeddable":true,"href":"https:\/\/encuentroinformativo.com.mx\/index.php?rest_route=\/wp\/v2\/users\/2476"}],"replies":[{"embeddable":true,"href":"https:\/\/encuentroinformativo.com.mx\/index.php?rest_route=%2Fwp%2Fv2%2Fcomments&post=55649"}],"version-history":[{"count":1,"href":"https:\/\/encuentroinformativo.com.mx\/index.php?rest_route=\/wp\/v2\/posts\/55649\/revisions"}],"predecessor-version":[{"id":55651,"href":"https:\/\/encuentroinformativo.com.mx\/index.php?rest_route=\/wp\/v2\/posts\/55649\/revisions\/55651"}],"wp:featuredmedia":[{"embeddable":true,"href":"https:\/\/encuentroinformativo.com.mx\/index.php?rest_route=\/wp\/v2\/media\/55650"}],"wp:attachment":[{"href":"https:\/\/encuentroinformativo.com.mx\/index.php?rest_route=%2Fwp%2Fv2%2Fmedia&parent=55649"}],"wp:term":[{"taxonomy":"category","embeddable":true,"href":"https:\/\/encuentroinformativo.com.mx\/index.php?rest_route=%2Fwp%2Fv2%2Fcategories&post=55649"},{"taxonomy":"post_tag","embeddable":true,"href":"https:\/\/encuentroinformativo.com.mx\/index.php?rest_route=%2Fwp%2Fv2%2Ftags&post=55649"}],"curies":[{"name":"wp","href":"https:\/\/api.w.org\/{rel}","templated":true}]}}