{"id":5566,"date":"2020-09-04T15:24:58","date_gmt":"2020-09-04T20:24:58","guid":{"rendered":"https:\/\/encuentroinformativo.com\/?p=5566"},"modified":"2020-09-04T15:25:01","modified_gmt":"2020-09-04T20:25:01","slug":"protestan-trabajadores-del-ipax-en-plaza-lerdo-acusan-anomalias","status":"publish","type":"post","link":"https:\/\/encuentroinformativo.com.mx\/?p=5566","title":{"rendered":"Protestan trabajadores del IPAX en Plaza Lerdo; acusan anomal\u00edas"},"content":{"rendered":"\n<p><strong>Dar\u00edo Pale <\/strong><\/p>\n\n\n\n<p>Xalapa, Ver.- Con la finalidad de exigir la intervenci\u00f3n del gobernador Cuitl\u00e1huac Garc\u00eda Jim\u00e9nez debido a las irregularidades que se est\u00e1n presentado en el Instituto de la \u00a0Polic\u00eda \u00a0Auxilia y Protecci\u00f3n Patrimonial (IPAX), un grupo de trabajadores se manifestaron en la plaza Lerdo.<\/p>\n\n\n\n<p>Entrevistados durante la manifestaci\u00f3n los inconformes denunciaron que les est\u00e1n aplicando cambios de adscripciones con la finalidad de que renuncien y otros casos a personas de la tercera edad los est\u00e1n obligando a trabajar cuando deber\u00eda den estar en sus hogares resguardando de la pandemia.<\/p>\n\n\n\n<p>\u201cLos est\u00e1n despidiendo disfrazadamente porque los est\u00e1n mandado a diversos puntos del estado \u00a0y l\u00f3gicamente muchos no quieren ir adem\u00e1s de que su antig\u00fcedad de 10 u 12 a\u00f1os donde quedo\u201d, expreso el abogado litigante David Herrera Gonz\u00e1lez.<\/p>\n\n\n\n<p>Explic\u00f3 que una de sus agraviadas es la se\u00f1ora dulce Mar\u00eda \u00c1lvarez S\u00e1nchez desde 83 a\u00f1os de edad quien a\u00fan contin\u00faan laborando pese a la contingencia sanitaria.<\/p>\n\n\n\n<p>Se\u00f1al\u00f3 que hasta el momento no le ha permitido que permanezca en confinamiento, por lo que \u00a0est\u00e1n solicitando un di\u00e1logo con el gobernador Cuitlahuac Garc\u00eda Jimenez para que le d\u00e9 ciertas prerrogativas.<\/p>\n\n\n\n<p>El abogado menciono que ella contin\u00faa laborando porque en el 2005 su hijo falleci\u00f3 y el comisionado en turno, Juan Antonio Nemi Did le dio esa plaza cu\u00e1ndo \u00a0ten\u00eda 68 a\u00f1os de edad.<\/p>\n\n\n\n<p>&#8220;Ella solicit\u00f3 al IPAX la reducci\u00f3n de su horario de trabajo. Ella dijo: yo no quiero dejar de trabajar si no, no me pagan, quiero trabajar, pero trabajar menos. Se lo negaron&#8221;, acus\u00f3.<\/p>\n\n\n\n<p>Finalmente dio a conocer que son entre 15 y 20 los trabajadores a los que se les han violado sus derechos laborales, entre ellos el se\u00f1or El\u00edas Jair Mart\u00ednez y Carolina Hernadez qui\u00e9nes fueron cambiados de \u00a0 adscripci\u00f3n de Cardel por lo que interpusieron un amparo para evitar ser removido .<\/p>\n\n\n\n<p><\/p>\n","protected":false},"excerpt":{"rendered":"<p>Dar\u00edo Pale Xalapa, Ver.- Con la finalidad de exigir la intervenci\u00f3n del gobernador Cuitl\u00e1huac Garc\u00eda Jim\u00e9nez debido a las irregularidades que se est\u00e1n presentado en el Instituto de la \u00a0Polic\u00eda \u00a0Auxilia y Protecci\u00f3n Patrimonial (IPAX), un grupo de trabajadores se manifestaron en la plaza Lerdo. Entrevistados durante la manifestaci\u00f3n los inconformes denunciaron que les est\u00e1n [&hellip;]<\/p>\n","protected":false},"author":1,"featured_media":5567,"comment_status":"open","ping_status":"open","sticky":false,"template":"","format":"standard","meta":{"_jetpack_memberships_contains_paid_content":false,"footnotes":""},"categories":[3],"tags":[],"class_list":["post-5566","post","type-post","status-publish","format-standard","has-post-thumbnail","hentry","category-xalapa"],"jetpack_featured_media_url":"https:\/\/encuentroinformativo.com.mx\/wp-content\/uploads\/2020\/09\/3272F47C-A2B6-4D25-9A9A-6580916C6FAC.jpeg","jetpack_sharing_enabled":true,"jetpack_likes_enabled":true,"amp_enabled":true,"_links":{"self":[{"href":"https:\/\/encuentroinformativo.com.mx\/index.php?rest_route=\/wp\/v2\/posts\/5566","targetHints":{"allow":["GET"]}}],"collection":[{"href":"https:\/\/encuentroinformativo.com.mx\/index.php?rest_route=\/wp\/v2\/posts"}],"about":[{"href":"https:\/\/encuentroinformativo.com.mx\/index.php?rest_route=\/wp\/v2\/types\/post"}],"author":[{"embeddable":true,"href":"https:\/\/encuentroinformativo.com.mx\/index.php?rest_route=\/wp\/v2\/users\/1"}],"replies":[{"embeddable":true,"href":"https:\/\/encuentroinformativo.com.mx\/index.php?rest_route=%2Fwp%2Fv2%2Fcomments&post=5566"}],"version-history":[{"count":1,"href":"https:\/\/encuentroinformativo.com.mx\/index.php?rest_route=\/wp\/v2\/posts\/5566\/revisions"}],"predecessor-version":[{"id":5568,"href":"https:\/\/encuentroinformativo.com.mx\/index.php?rest_route=\/wp\/v2\/posts\/5566\/revisions\/5568"}],"wp:featuredmedia":[{"embeddable":true,"href":"https:\/\/encuentroinformativo.com.mx\/index.php?rest_route=\/wp\/v2\/media\/5567"}],"wp:attachment":[{"href":"https:\/\/encuentroinformativo.com.mx\/index.php?rest_route=%2Fwp%2Fv2%2Fmedia&parent=5566"}],"wp:term":[{"taxonomy":"category","embeddable":true,"href":"https:\/\/encuentroinformativo.com.mx\/index.php?rest_route=%2Fwp%2Fv2%2Fcategories&post=5566"},{"taxonomy":"post_tag","embeddable":true,"href":"https:\/\/encuentroinformativo.com.mx\/index.php?rest_route=%2Fwp%2Fv2%2Ftags&post=5566"}],"curies":[{"name":"wp","href":"https:\/\/api.w.org\/{rel}","templated":true}]}}