{"id":55661,"date":"2024-06-14T18:13:56","date_gmt":"2024-06-15T00:13:56","guid":{"rendered":"https:\/\/encuentroinformativo.com.mx\/?p=55661"},"modified":"2024-06-14T18:14:03","modified_gmt":"2024-06-15T00:14:03","slug":"municipio-de-cotaxtla-se-niega-a-toma-de-emergencia-de-grupo-mas","status":"publish","type":"post","link":"https:\/\/encuentroinformativo.com.mx\/?p=55661","title":{"rendered":"Municipio de Cotaxtla se niega a toma de emergencia de Grupo MAS"},"content":{"rendered":"\n<p><strong>Alejandro \u00c1vila<\/strong><\/p>\n\n\n\n<p>Cotaxtla, Ver.- El municipio de Cotaxtla rechaza rotundamente la &#8220;toma de emergencia&#8221; que Grupo MAS pretende hacer para disponer del agua del r\u00edo Cotaxtla, con la finalidad de comercializar el vital l\u00edquido para abastecer a sus usuarios en Veracruz.<\/p>\n\n\n\n<p>El alcalde de Cotaxtla, Jos\u00e9 Beltr\u00e1n V\u00e1zquez sostuvo que en ese municipio han fijado posici\u00f3n clara y contundente; no a la Toma de Emergencia que pone en riesgo a la poblaci\u00f3n de flora y fauna de decenas de ecosistemas que dependen del r\u00edo, adem\u00e1s de la agricultura, ganader\u00eda, espacios de esparcimiento para los municipios de la regi\u00f3n.<\/p>\n\n\n\n<p>El Proyecto de Construcci\u00f3n del Acueducto para tomar agua del r\u00edo Cotaxtla y llevarlo a las Plantas Potabilizadoras de El Tejar, no cuenta con Manifestaci\u00f3n de Impacto Ambiental y con los permisos federales, porque no tiene ninguna factibilidad.<\/p>\n\n\n\n<p>Jos\u00e9 Beltr\u00e1n V\u00e1zquez propuso una consulta ciudadana con los habitantes de los municipios de r\u00edo arriba de la desembocadura del afluente para que se conozca el sentir de los habitantes.<\/p>\n\n\n\n<p>El r\u00edo Cotaxtla padece un estres y reducci\u00f3n considerable de sus aguas en los \u00faltimos a\u00f1os que ha provocado la extinci\u00f3n de algunas especies de agua y terrestre, expuso el alcalde Beltr\u00e1n V\u00e1zquez.<\/p>\n\n\n\n<p>El grupo MAS Agua, concesionario del suministro de agua en Veracruz, debe tener opciones como inversi\u00f3n en pozos dentro de la ciudad de Veracruz o bien invertir en una planta desalinizadora en Boca del R\u00edo para resolver el problema de abasto de agua.<\/p>\n","protected":false},"excerpt":{"rendered":"<p>Alejandro \u00c1vila Cotaxtla, Ver.- El municipio de Cotaxtla rechaza rotundamente la &#8220;toma de emergencia&#8221; que Grupo MAS pretende hacer para disponer del agua del r\u00edo Cotaxtla, con la finalidad de comercializar el vital l\u00edquido para abastecer a sus usuarios en Veracruz. El alcalde de Cotaxtla, Jos\u00e9 Beltr\u00e1n V\u00e1zquez sostuvo que en ese municipio han fijado [&hellip;]<\/p>\n","protected":false},"author":2476,"featured_media":55662,"comment_status":"open","ping_status":"open","sticky":false,"template":"","format":"standard","meta":{"_jetpack_memberships_contains_paid_content":false,"footnotes":""},"categories":[2],"tags":[],"class_list":["post-55661","post","type-post","status-publish","format-standard","has-post-thumbnail","hentry","category-estado"],"jetpack_featured_media_url":"https:\/\/encuentroinformativo.com.mx\/wp-content\/uploads\/2024\/06\/IMG-20240614-WA0082.jpg","jetpack_sharing_enabled":true,"jetpack_likes_enabled":true,"amp_enabled":true,"_links":{"self":[{"href":"https:\/\/encuentroinformativo.com.mx\/index.php?rest_route=\/wp\/v2\/posts\/55661","targetHints":{"allow":["GET"]}}],"collection":[{"href":"https:\/\/encuentroinformativo.com.mx\/index.php?rest_route=\/wp\/v2\/posts"}],"about":[{"href":"https:\/\/encuentroinformativo.com.mx\/index.php?rest_route=\/wp\/v2\/types\/post"}],"author":[{"embeddable":true,"href":"https:\/\/encuentroinformativo.com.mx\/index.php?rest_route=\/wp\/v2\/users\/2476"}],"replies":[{"embeddable":true,"href":"https:\/\/encuentroinformativo.com.mx\/index.php?rest_route=%2Fwp%2Fv2%2Fcomments&post=55661"}],"version-history":[{"count":1,"href":"https:\/\/encuentroinformativo.com.mx\/index.php?rest_route=\/wp\/v2\/posts\/55661\/revisions"}],"predecessor-version":[{"id":55663,"href":"https:\/\/encuentroinformativo.com.mx\/index.php?rest_route=\/wp\/v2\/posts\/55661\/revisions\/55663"}],"wp:featuredmedia":[{"embeddable":true,"href":"https:\/\/encuentroinformativo.com.mx\/index.php?rest_route=\/wp\/v2\/media\/55662"}],"wp:attachment":[{"href":"https:\/\/encuentroinformativo.com.mx\/index.php?rest_route=%2Fwp%2Fv2%2Fmedia&parent=55661"}],"wp:term":[{"taxonomy":"category","embeddable":true,"href":"https:\/\/encuentroinformativo.com.mx\/index.php?rest_route=%2Fwp%2Fv2%2Fcategories&post=55661"},{"taxonomy":"post_tag","embeddable":true,"href":"https:\/\/encuentroinformativo.com.mx\/index.php?rest_route=%2Fwp%2Fv2%2Ftags&post=55661"}],"curies":[{"name":"wp","href":"https:\/\/api.w.org\/{rel}","templated":true}]}}