{"id":55667,"date":"2024-06-14T23:43:03","date_gmt":"2024-06-15T05:43:03","guid":{"rendered":"https:\/\/encuentroinformativo.com.mx\/?p=55667"},"modified":"2024-06-14T23:43:10","modified_gmt":"2024-06-15T05:43:10","slug":"ruben-blades-dedica-buscando-america-a-familiares-de-desaparecidos","status":"publish","type":"post","link":"https:\/\/encuentroinformativo.com.mx\/?p=55667","title":{"rendered":"Rub\u00e9n Blades dedica Buscando Am\u00e9rica a familiares de desaparecidos"},"content":{"rendered":"\n<p><strong>Alejandro \u00c1vila<\/strong><\/p>\n\n\n\n<p>Boca del R\u00edo, Ver.- El &#8220;Ministro de la Salsa&#8221; Rub\u00e9n Blades, dedic\u00f3 la noche de este jueves en el primer d\u00eda del Salsa Fest 2024, la canci\u00f3n Buscando Am\u00e9rica a los familiares de desaparecidos.<\/p>\n\n\n\n<p>Previamente, Rub\u00e9n Blades mencion\u00f3 antes de entonar &#8220;El Padre Antonio y su monaguillo Andr\u00e9s&#8221;, &#8220;como dije hace 40 a\u00f1os atr\u00e1s, matan a la gente pero no matan a la idea&#8221;, haciendo referencia a que en los a\u00f1os 90 en una presentaci\u00f3n en Uruguay, tras interpretar la canci\u00f3n, nadie aplaudi\u00f3 por respeto a la letra de la melod\u00eda.<\/p>\n\n\n\n<p>El paname\u00f1o extendi\u00f3 su presentaci\u00f3n a dos horas y media debido a la insistencia del p\u00fablico porque siguiera cantando su repertorio musical, el cual ha sido pilar de la m\u00fasica salsa durante m\u00e1s de cuatro d\u00e9cadas.<\/p>\n\n\n\n<p>Previo a su presentaci\u00f3n se present\u00f3 la orquesta Chiquito Team Band y, posterior al &#8220;Ministro de la Salsa&#8221;, el colombiano, Dani Daniel, quienes tambi\u00e9n extendieron su tiempo en la tarima debido a la ausencia por complicaciones en el vuelo del &#8220;Sonero de la Juventud&#8221;, V\u00edctor Manuelle, que se presentar\u00e1 en pr\u00f3ximos d\u00edas durante el Salsa Fest de Boca del R\u00edo.<\/p>\n","protected":false},"excerpt":{"rendered":"<p>Alejandro \u00c1vila Boca del R\u00edo, Ver.- El &#8220;Ministro de la Salsa&#8221; Rub\u00e9n Blades, dedic\u00f3 la noche de este jueves en el primer d\u00eda del Salsa Fest 2024, la canci\u00f3n Buscando Am\u00e9rica a los familiares de desaparecidos. Previamente, Rub\u00e9n Blades mencion\u00f3 antes de entonar &#8220;El Padre Antonio y su monaguillo Andr\u00e9s&#8221;, &#8220;como dije hace 40 a\u00f1os [&hellip;]<\/p>\n","protected":false},"author":2476,"featured_media":55668,"comment_status":"open","ping_status":"open","sticky":false,"template":"","format":"standard","meta":{"_jetpack_memberships_contains_paid_content":false,"footnotes":""},"categories":[2],"tags":[],"class_list":["post-55667","post","type-post","status-publish","format-standard","has-post-thumbnail","hentry","category-estado"],"jetpack_featured_media_url":"https:\/\/encuentroinformativo.com.mx\/wp-content\/uploads\/2024\/06\/IMG-20240614-WA00922.jpg","jetpack_sharing_enabled":true,"jetpack_likes_enabled":true,"amp_enabled":true,"_links":{"self":[{"href":"https:\/\/encuentroinformativo.com.mx\/index.php?rest_route=\/wp\/v2\/posts\/55667","targetHints":{"allow":["GET"]}}],"collection":[{"href":"https:\/\/encuentroinformativo.com.mx\/index.php?rest_route=\/wp\/v2\/posts"}],"about":[{"href":"https:\/\/encuentroinformativo.com.mx\/index.php?rest_route=\/wp\/v2\/types\/post"}],"author":[{"embeddable":true,"href":"https:\/\/encuentroinformativo.com.mx\/index.php?rest_route=\/wp\/v2\/users\/2476"}],"replies":[{"embeddable":true,"href":"https:\/\/encuentroinformativo.com.mx\/index.php?rest_route=%2Fwp%2Fv2%2Fcomments&post=55667"}],"version-history":[{"count":1,"href":"https:\/\/encuentroinformativo.com.mx\/index.php?rest_route=\/wp\/v2\/posts\/55667\/revisions"}],"predecessor-version":[{"id":55669,"href":"https:\/\/encuentroinformativo.com.mx\/index.php?rest_route=\/wp\/v2\/posts\/55667\/revisions\/55669"}],"wp:featuredmedia":[{"embeddable":true,"href":"https:\/\/encuentroinformativo.com.mx\/index.php?rest_route=\/wp\/v2\/media\/55668"}],"wp:attachment":[{"href":"https:\/\/encuentroinformativo.com.mx\/index.php?rest_route=%2Fwp%2Fv2%2Fmedia&parent=55667"}],"wp:term":[{"taxonomy":"category","embeddable":true,"href":"https:\/\/encuentroinformativo.com.mx\/index.php?rest_route=%2Fwp%2Fv2%2Fcategories&post=55667"},{"taxonomy":"post_tag","embeddable":true,"href":"https:\/\/encuentroinformativo.com.mx\/index.php?rest_route=%2Fwp%2Fv2%2Ftags&post=55667"}],"curies":[{"name":"wp","href":"https:\/\/api.w.org\/{rel}","templated":true}]}}