{"id":55674,"date":"2024-06-15T09:02:38","date_gmt":"2024-06-15T15:02:38","guid":{"rendered":"https:\/\/encuentroinformativo.com.mx\/?p=55674"},"modified":"2024-06-15T09:02:45","modified_gmt":"2024-06-15T15:02:45","slug":"se-buscan-americos","status":"publish","type":"post","link":"https:\/\/encuentroinformativo.com.mx\/?p=55674","title":{"rendered":"SE BUSCAN AM\u00c9RICOS"},"content":{"rendered":"\n<p><strong>Los Pol\u00edticos<\/strong><\/p>\n\n\n\n<p><strong>Salvador Mu\u00f1oz<\/strong><\/p>\n\n\n\n<p>Gane o pierda la elecci\u00f3n Am\u00e9rico Z\u00fa\u00f1iga en los Tribunales, su partido as\u00ed como sus aliados (si mantienen las fuerzas conjuntas) deber\u00e1n tomar en cuenta y a estudio, su caso para retomar todas las fortalezas que tuvo su candidatura as\u00ed como su campa\u00f1a y de paso, considerar sus debilidades para contrarrestarlas con miras al 2025.<\/p>\n\n\n\n<p>El caso Am\u00e9rico es singular por cualquier lado que se le vea.<\/p>\n\n\n\n<p>Primero, porque fue un ex alcalde\u2026 para que esta figura haya buscado ser de nuevo medido en las urnas por los ciudadanos en otro cargo de elecci\u00f3n popular, es porque se sabe de que hizo un buen trabajo en la administraci\u00f3n municipal hace ya casi ocho a\u00f1os y los ciudadanos lo recuerdan.<\/p>\n\n\n\n<p>Segundo, porque ya hab\u00eda sido candidato a Diputado federal y los votos no le favorecieron y sabe del porqu\u00e9: los coletazos del efecto AMLO del 2021\u2026<\/p>\n\n\n\n<p>Tercero, porque compet\u00eda en un terreno por donde quiera que se le viera, en desigualdad de condiciones\u2026 la Capital del Estado, en manos de Morena; la Gubernatura, en manos de Morena; las dos curules locales, en manos de Morena; las federales, en manos de Morena\u2026 y a\u00fan as\u00ed, les peg\u00f3 un pinche susto similar a un dolor en el coraz\u00f3n que cualquiera hubiera pensado en un infarto\u2026 o preinfarto\u2026<\/p>\n\n\n\n<p>Cuarto, porque lo quieran ver o no, Am\u00e9rico fungi\u00f3 como remolcador de sus aliados Adriana Rojano y Sergio Hern\u00e1ndez a tal grado que el segundo igual puso en aprietos al alfil del alcalde Ricardo Ahued, To\u00f1o Ballesteros, figura reconocida en el escritorio, a nivel empresarial y en el c\u00edrculo de la opini\u00f3n p\u00fablica, pero un desconocido en el territorio, sin m\u00e1s gracia que ser el amigo de don Ricardo.<\/p>\n\n\n\n<p>Quinto, porque la campa\u00f1a de Am\u00e9rico logr\u00f3 penetrar mucho m\u00e1s de lo que se imaginaron sus contrincantes y en una de \u00e9sas, el mismo candidato.<\/p>\n\n\n\n<p>Luego entonces, con la mira en el 2025, \u00bfpor qu\u00e9 no pensar en Am\u00e9rico Z\u00fa\u00f1iga como candidato a la Presidencia Municipal?<\/p>\n\n\n\n<p>Ya tiene recorrido un largo trecho\u2026 bien podr\u00eda seguir en el recorrido\u2026 ya conoce parte de las debilidades de un sistema, ya conoce las necesidades de la comunidad, lo mejor es que ya conoce las entra\u00f1as de la administraci\u00f3n municipal y sabe lo que se necesita para trazar, proyectar y realizar\u2026<\/p>\n\n\n\n<p>En pocas palabras, en este momento, la Oposici\u00f3n en Xalapa tiene al mejor candidato a la presidencia municipal muy por encima de quien pretenda poner el partido en el poder\u2026<\/p>\n\n\n\n<p>Por ello, se entiende, independientemente de la lucha que en estos momentos lleva Am\u00e9rico contra la extra\u00f1a forma en que se contabilizaron los botes al estilo de \u201cuno pa\u2019 ti, dos pa\u2019 m\u00ed; otro pa\u2019 ti, tres pa\u2019 m\u00ed\u2026\u201d, ya sea el PAN o el PRI o ambos, deben estar analizando la precampa\u00f1a y campa\u00f1a de Am\u00e9rico, as\u00ed como la figura de \u00e9l, su discurso, su estrategia, para intentar de replicarla en otros municipios\u2026 en pocas palabras, hay que buscar m\u00e1s Am\u00e9ricos contra Morena\u2026 si en en el coraz\u00f3n del sistema en el poder un solo hombre les pudo pegar un pinche susto, \u00bfse imaginan lo que en 212 se puede hacer con estrategias similares?<\/p>\n","protected":false},"excerpt":{"rendered":"<p>Los Pol\u00edticos Salvador Mu\u00f1oz Gane o pierda la elecci\u00f3n Am\u00e9rico Z\u00fa\u00f1iga en los Tribunales, su partido as\u00ed como sus aliados (si mantienen las fuerzas conjuntas) deber\u00e1n tomar en cuenta y a estudio, su caso para retomar todas las fortalezas que tuvo su candidatura as\u00ed como su campa\u00f1a y de paso, considerar sus debilidades para contrarrestarlas [&hellip;]<\/p>\n","protected":false},"author":2476,"featured_media":387,"comment_status":"open","ping_status":"open","sticky":false,"template":"","format":"standard","meta":{"_jetpack_memberships_contains_paid_content":false,"footnotes":""},"categories":[11],"tags":[],"class_list":["post-55674","post","type-post","status-publish","format-standard","has-post-thumbnail","hentry","category-opinion"],"jetpack_featured_media_url":"https:\/\/encuentroinformativo.com.mx\/wp-content\/uploads\/2020\/03\/7CF8A22B-2764-47BE-8F7F-38FE9E5D6A2F.jpeg","jetpack_sharing_enabled":true,"jetpack_likes_enabled":true,"amp_enabled":true,"_links":{"self":[{"href":"https:\/\/encuentroinformativo.com.mx\/index.php?rest_route=\/wp\/v2\/posts\/55674","targetHints":{"allow":["GET"]}}],"collection":[{"href":"https:\/\/encuentroinformativo.com.mx\/index.php?rest_route=\/wp\/v2\/posts"}],"about":[{"href":"https:\/\/encuentroinformativo.com.mx\/index.php?rest_route=\/wp\/v2\/types\/post"}],"author":[{"embeddable":true,"href":"https:\/\/encuentroinformativo.com.mx\/index.php?rest_route=\/wp\/v2\/users\/2476"}],"replies":[{"embeddable":true,"href":"https:\/\/encuentroinformativo.com.mx\/index.php?rest_route=%2Fwp%2Fv2%2Fcomments&post=55674"}],"version-history":[{"count":1,"href":"https:\/\/encuentroinformativo.com.mx\/index.php?rest_route=\/wp\/v2\/posts\/55674\/revisions"}],"predecessor-version":[{"id":55675,"href":"https:\/\/encuentroinformativo.com.mx\/index.php?rest_route=\/wp\/v2\/posts\/55674\/revisions\/55675"}],"wp:featuredmedia":[{"embeddable":true,"href":"https:\/\/encuentroinformativo.com.mx\/index.php?rest_route=\/wp\/v2\/media\/387"}],"wp:attachment":[{"href":"https:\/\/encuentroinformativo.com.mx\/index.php?rest_route=%2Fwp%2Fv2%2Fmedia&parent=55674"}],"wp:term":[{"taxonomy":"category","embeddable":true,"href":"https:\/\/encuentroinformativo.com.mx\/index.php?rest_route=%2Fwp%2Fv2%2Fcategories&post=55674"},{"taxonomy":"post_tag","embeddable":true,"href":"https:\/\/encuentroinformativo.com.mx\/index.php?rest_route=%2Fwp%2Fv2%2Ftags&post=55674"}],"curies":[{"name":"wp","href":"https:\/\/api.w.org\/{rel}","templated":true}]}}