{"id":55679,"date":"2024-06-15T15:17:28","date_gmt":"2024-06-15T21:17:28","guid":{"rendered":"https:\/\/encuentroinformativo.com.mx\/?p=55679"},"modified":"2024-06-15T15:17:35","modified_gmt":"2024-06-15T21:17:35","slug":"estudiantes-realizan-foto-de-fin-de-cursos-en-san-juan-de-ulua","status":"publish","type":"post","link":"https:\/\/encuentroinformativo.com.mx\/?p=55679","title":{"rendered":"Estudiantes realizan foto de fin de cursos en San Juan de Ul\u00faa"},"content":{"rendered":"\n<p><strong>Alejandro \u00c1vila<\/strong><\/p>\n\n\n\n<p>Veracruz, Ver.- La directora de la Fundaci\u00f3n CBRO, Karina Guzm\u00e1n, gestion\u00f3 ante las autoridades correspondientes que diversos planteles educativos del municipio de Jamapa pudieran lograr su foto de fin de cursos en la m\u00edtica fortaleza de San Juan de Ul\u00faa en el puerto de Veracruz.<\/p>\n\n\n\n<p>La intenci\u00f3n es que los estudiantes de nivel b\u00e1sico, medio y medio superior de Jamapa, puedan conocer m\u00e1s de la historia del Estado, sobre todo del recinto que ayud\u00f3 en innumerables ocasiones a la defensa del puerto de Veracruz.<\/p>\n\n\n\n<p>En primera instancia fueron los alumnos de la telesecundaria &#8220;Quetzalc\u00f3atl&#8221; qui\u00e9nes tuvieran la oportunidad de tomarse su foto de fin de cursos en el recinto ic\u00f3nico que fungi\u00f3 muchos a\u00f1os como reclusorio.<\/p>\n\n\n\n<p>\u201cEste evento no solo marca un hito en la vida acad\u00e9mica de los estudiantes, sino que tambi\u00e9n refuerza nuestro compromiso con el enriquecimiento cultural y el reconocimiento hist\u00f3rico (\u2026) ha brindado a los alumnos una oportunidad \u00fanica para conectarse con la rica herencia de nuestra regi\u00f3n, creando recuerdos que perdurar\u00e1n toda la vida&#8221;, se\u00f1al\u00f3 Kary Guzm\u00e1n.<\/p>\n","protected":false},"excerpt":{"rendered":"<p>Alejandro \u00c1vila Veracruz, Ver.- La directora de la Fundaci\u00f3n CBRO, Karina Guzm\u00e1n, gestion\u00f3 ante las autoridades correspondientes que diversos planteles educativos del municipio de Jamapa pudieran lograr su foto de fin de cursos en la m\u00edtica fortaleza de San Juan de Ul\u00faa en el puerto de Veracruz. La intenci\u00f3n es que los estudiantes de nivel [&hellip;]<\/p>\n","protected":false},"author":2476,"featured_media":55680,"comment_status":"open","ping_status":"open","sticky":false,"template":"","format":"standard","meta":{"_jetpack_memberships_contains_paid_content":false,"footnotes":""},"categories":[2],"tags":[],"class_list":["post-55679","post","type-post","status-publish","format-standard","has-post-thumbnail","hentry","category-estado"],"jetpack_featured_media_url":"https:\/\/encuentroinformativo.com.mx\/wp-content\/uploads\/2024\/06\/IMG-20240615-WA0020.jpg","jetpack_sharing_enabled":true,"jetpack_likes_enabled":true,"amp_enabled":true,"_links":{"self":[{"href":"https:\/\/encuentroinformativo.com.mx\/index.php?rest_route=\/wp\/v2\/posts\/55679","targetHints":{"allow":["GET"]}}],"collection":[{"href":"https:\/\/encuentroinformativo.com.mx\/index.php?rest_route=\/wp\/v2\/posts"}],"about":[{"href":"https:\/\/encuentroinformativo.com.mx\/index.php?rest_route=\/wp\/v2\/types\/post"}],"author":[{"embeddable":true,"href":"https:\/\/encuentroinformativo.com.mx\/index.php?rest_route=\/wp\/v2\/users\/2476"}],"replies":[{"embeddable":true,"href":"https:\/\/encuentroinformativo.com.mx\/index.php?rest_route=%2Fwp%2Fv2%2Fcomments&post=55679"}],"version-history":[{"count":1,"href":"https:\/\/encuentroinformativo.com.mx\/index.php?rest_route=\/wp\/v2\/posts\/55679\/revisions"}],"predecessor-version":[{"id":55681,"href":"https:\/\/encuentroinformativo.com.mx\/index.php?rest_route=\/wp\/v2\/posts\/55679\/revisions\/55681"}],"wp:featuredmedia":[{"embeddable":true,"href":"https:\/\/encuentroinformativo.com.mx\/index.php?rest_route=\/wp\/v2\/media\/55680"}],"wp:attachment":[{"href":"https:\/\/encuentroinformativo.com.mx\/index.php?rest_route=%2Fwp%2Fv2%2Fmedia&parent=55679"}],"wp:term":[{"taxonomy":"category","embeddable":true,"href":"https:\/\/encuentroinformativo.com.mx\/index.php?rest_route=%2Fwp%2Fv2%2Fcategories&post=55679"},{"taxonomy":"post_tag","embeddable":true,"href":"https:\/\/encuentroinformativo.com.mx\/index.php?rest_route=%2Fwp%2Fv2%2Ftags&post=55679"}],"curies":[{"name":"wp","href":"https:\/\/api.w.org\/{rel}","templated":true}]}}