{"id":55698,"date":"2024-06-17T12:13:25","date_gmt":"2024-06-17T18:13:25","guid":{"rendered":"https:\/\/encuentroinformativo.com.mx\/?p=55698"},"modified":"2024-06-17T12:13:32","modified_gmt":"2024-06-17T18:13:32","slug":"velero-uruguayo-capitan-miranda-de-visita-en-veracruz","status":"publish","type":"post","link":"https:\/\/encuentroinformativo.com.mx\/?p=55698","title":{"rendered":"Velero uruguayo &#8220;Capit\u00e1n Miranda&#8221; de visita en Veracruz"},"content":{"rendered":"\n<p><strong>Alejandro \u00c1vila<\/strong><\/p>\n\n\n\n<p>Veracruz, Ver.- Este lunes 17 de junio arrib\u00f3 al puerto de Veracruz el velero uruguayo &#8220;Capit\u00e1n Miranda&#8221;, el cual cuenta con 70 personas a bordo y estar\u00e1 de visita hasta el pr\u00f3ximo mi\u00e9rcoles 19 de junio, inform\u00f3 el Embajador de Uruguay en M\u00e9xico, Santiago Wins.<\/p>\n\n\n\n<p>Dentro del viaje de instrucci\u00f3n que realizan los estudiantes de la Escuela Naval Uruguaya, visitar\u00e1n 8 puertos alrededor del mundo, en M\u00e9xico ya visitaron Cozumel, se dirigieron hacia Veracruz y, posteriormente, ir\u00e1n hacia Estados Unidos, Portugal, Espa\u00f1a, Cabo Verde y Brasil.<\/p>\n\n\n\n<p>&#8220;El intercambio comercial es muy equilibrado con M\u00e9xico, se da la particularidad que tenemos un Tratado de Libre Comercio, bilateral M\u00e9xico &#8211; Uruguay, y es con el \u00fanico con un pa\u00eds de Mercosur, y este a\u00f1o se celebran 20 a\u00f1os del Tratado de Libre Comercio que es un detalle importante en la relaci\u00f3n bilateral de ambos pa\u00edses, y el comercio es equilibrado, anda m\u00e1s o menos en 300 millones de d\u00f3lares para cada lado&#8221;, expres\u00f3 Santiago Wins.<\/p>\n\n\n\n<p>El Embajador estima que M\u00e9xico se encuentren viviendo alrededor de, entre 8 y 10 mil uruguayos, recordando que la primera generaci\u00f3n lleg\u00f3 a tierras aztecas en los a\u00f1os 70, cu\u00e1ndo fueron cobijados debido a la dictadura uruguaya.<\/p>\n","protected":false},"excerpt":{"rendered":"<p>Alejandro \u00c1vila Veracruz, Ver.- Este lunes 17 de junio arrib\u00f3 al puerto de Veracruz el velero uruguayo &#8220;Capit\u00e1n Miranda&#8221;, el cual cuenta con 70 personas a bordo y estar\u00e1 de visita hasta el pr\u00f3ximo mi\u00e9rcoles 19 de junio, inform\u00f3 el Embajador de Uruguay en M\u00e9xico, Santiago Wins. Dentro del viaje de instrucci\u00f3n que realizan los [&hellip;]<\/p>\n","protected":false},"author":2476,"featured_media":55699,"comment_status":"open","ping_status":"open","sticky":false,"template":"","format":"standard","meta":{"_jetpack_memberships_contains_paid_content":false,"footnotes":""},"categories":[2],"tags":[],"class_list":["post-55698","post","type-post","status-publish","format-standard","has-post-thumbnail","hentry","category-estado"],"jetpack_featured_media_url":"https:\/\/encuentroinformativo.com.mx\/wp-content\/uploads\/2024\/06\/IMG-20240617-WA0003.jpg","jetpack_sharing_enabled":true,"jetpack_likes_enabled":true,"amp_enabled":true,"_links":{"self":[{"href":"https:\/\/encuentroinformativo.com.mx\/index.php?rest_route=\/wp\/v2\/posts\/55698","targetHints":{"allow":["GET"]}}],"collection":[{"href":"https:\/\/encuentroinformativo.com.mx\/index.php?rest_route=\/wp\/v2\/posts"}],"about":[{"href":"https:\/\/encuentroinformativo.com.mx\/index.php?rest_route=\/wp\/v2\/types\/post"}],"author":[{"embeddable":true,"href":"https:\/\/encuentroinformativo.com.mx\/index.php?rest_route=\/wp\/v2\/users\/2476"}],"replies":[{"embeddable":true,"href":"https:\/\/encuentroinformativo.com.mx\/index.php?rest_route=%2Fwp%2Fv2%2Fcomments&post=55698"}],"version-history":[{"count":1,"href":"https:\/\/encuentroinformativo.com.mx\/index.php?rest_route=\/wp\/v2\/posts\/55698\/revisions"}],"predecessor-version":[{"id":55700,"href":"https:\/\/encuentroinformativo.com.mx\/index.php?rest_route=\/wp\/v2\/posts\/55698\/revisions\/55700"}],"wp:featuredmedia":[{"embeddable":true,"href":"https:\/\/encuentroinformativo.com.mx\/index.php?rest_route=\/wp\/v2\/media\/55699"}],"wp:attachment":[{"href":"https:\/\/encuentroinformativo.com.mx\/index.php?rest_route=%2Fwp%2Fv2%2Fmedia&parent=55698"}],"wp:term":[{"taxonomy":"category","embeddable":true,"href":"https:\/\/encuentroinformativo.com.mx\/index.php?rest_route=%2Fwp%2Fv2%2Fcategories&post=55698"},{"taxonomy":"post_tag","embeddable":true,"href":"https:\/\/encuentroinformativo.com.mx\/index.php?rest_route=%2Fwp%2Fv2%2Ftags&post=55698"}],"curies":[{"name":"wp","href":"https:\/\/api.w.org\/{rel}","templated":true}]}}