{"id":55704,"date":"2024-06-17T12:18:51","date_gmt":"2024-06-17T18:18:51","guid":{"rendered":"https:\/\/encuentroinformativo.com.mx\/?p=55704"},"modified":"2024-06-17T12:18:59","modified_gmt":"2024-06-17T18:18:59","slug":"tres-personas-lesionadas-en-volcadura-de-camion-urbano-en-boca-del-rio","status":"publish","type":"post","link":"https:\/\/encuentroinformativo.com.mx\/?p=55704","title":{"rendered":"Tres personas lesionadas en volcadura de cami\u00f3n urbano en Boca del R\u00edo"},"content":{"rendered":"\n<p><strong>Alejandro \u00c1vila<\/strong><\/p>\n\n\n\n<p>Boca del R\u00edo, Ver.- Cuantiosos da\u00f1os materiales, dos pasajeros y el chofer heridos, fue el resultado de una volcadura que tuvo un autob\u00fas urbano de la ruta Saeta en el municipio de Boca del R\u00edo, la ma\u00f1ana de este lunes.<\/p>\n\n\n\n<p>Los hechos ocurrieron alrededor de las 5:30 de la ma\u00f1ana en la colonia Luis Echeverr\u00eda a la altura de la calle Espa\u00f1a; seg\u00fan testigos, el cami\u00f3n con n\u00famero econ\u00f3mico 300 circulaba en el carril sur a norte con rumbo al World Trade Center, cuando y debido al presunto exceso de velocidad, el conductor perdi\u00f3 el control de la unidad y volc\u00f3 metros antes de la subida con rumbo al Hotel Mocambo.<\/p>\n\n\n\n<p>Las tres personas que tripulaban la unidad del transporte p\u00fablico resultaron con lesiones. Transe\u00fantes que pasaban por la zona auxiliaron a los lesionados y los ayudaron a salir de entre los fierros retorcidos.<\/p>\n\n\n\n<p>Minutos despu\u00e9s llegaron elementos de la Polic\u00eda Municipal de Boca del R\u00edo quienes llamaron a los par\u00e1metros de la Cruz Roja.<\/p>\n\n\n\n<p>Los tres lesionados fueron atendidos en el lugar del accidente. Los dos pasajeros fueron trasladados a un hospital para una mayor valoraci\u00f3n m\u00e9dica pues presentaban golpes contusos en varias partes del cuerpos.<\/p>\n\n\n\n<p>El conductor del cami\u00f3n urbano tambi\u00e9n presentaba golpes y tras ser valorado por los param\u00e9dicos qued\u00f3 a disposici\u00f3n de las autoridades policiales<\/p>\n\n\n\n<p>El responsable del accidente fue remitido al Ministerio P\u00fablico para las investigaciones correspondientes pues se presume que conduc\u00eda en estado inconveniente.<\/p>\n\n\n\n<figure class=\"wp-block-image size-large\"><img loading=\"lazy\" decoding=\"async\" width=\"1024\" height=\"576\" src=\"https:\/\/encuentroinformativo.com.mx\/wp-content\/uploads\/2024\/06\/1000324797-1024x576.jpg\" alt=\"\" class=\"wp-image-55706\" srcset=\"https:\/\/encuentroinformativo.com.mx\/wp-content\/uploads\/2024\/06\/1000324797-1024x576.jpg 1024w, https:\/\/encuentroinformativo.com.mx\/wp-content\/uploads\/2024\/06\/1000324797-300x169.jpg 300w, https:\/\/encuentroinformativo.com.mx\/wp-content\/uploads\/2024\/06\/1000324797-768x432.jpg 768w, https:\/\/encuentroinformativo.com.mx\/wp-content\/uploads\/2024\/06\/1000324797-1536x864.jpg 1536w, https:\/\/encuentroinformativo.com.mx\/wp-content\/uploads\/2024\/06\/1000324797.jpg 1600w\" sizes=\"auto, (max-width: 1024px) 100vw, 1024px\" \/><\/figure>\n","protected":false},"excerpt":{"rendered":"<p>Alejandro \u00c1vila Boca del R\u00edo, Ver.- Cuantiosos da\u00f1os materiales, dos pasajeros y el chofer heridos, fue el resultado de una volcadura que tuvo un autob\u00fas urbano de la ruta Saeta en el municipio de Boca del R\u00edo, la ma\u00f1ana de este lunes. Los hechos ocurrieron alrededor de las 5:30 de la ma\u00f1ana en la colonia [&hellip;]<\/p>\n","protected":false},"author":2476,"featured_media":55705,"comment_status":"open","ping_status":"open","sticky":false,"template":"","format":"standard","meta":{"_jetpack_memberships_contains_paid_content":false,"footnotes":""},"categories":[2],"tags":[],"class_list":["post-55704","post","type-post","status-publish","format-standard","has-post-thumbnail","hentry","category-estado"],"jetpack_featured_media_url":"https:\/\/encuentroinformativo.com.mx\/wp-content\/uploads\/2024\/06\/IMG-20240617-WA0018.jpg","jetpack_sharing_enabled":true,"jetpack_likes_enabled":true,"amp_enabled":true,"_links":{"self":[{"href":"https:\/\/encuentroinformativo.com.mx\/index.php?rest_route=\/wp\/v2\/posts\/55704","targetHints":{"allow":["GET"]}}],"collection":[{"href":"https:\/\/encuentroinformativo.com.mx\/index.php?rest_route=\/wp\/v2\/posts"}],"about":[{"href":"https:\/\/encuentroinformativo.com.mx\/index.php?rest_route=\/wp\/v2\/types\/post"}],"author":[{"embeddable":true,"href":"https:\/\/encuentroinformativo.com.mx\/index.php?rest_route=\/wp\/v2\/users\/2476"}],"replies":[{"embeddable":true,"href":"https:\/\/encuentroinformativo.com.mx\/index.php?rest_route=%2Fwp%2Fv2%2Fcomments&post=55704"}],"version-history":[{"count":1,"href":"https:\/\/encuentroinformativo.com.mx\/index.php?rest_route=\/wp\/v2\/posts\/55704\/revisions"}],"predecessor-version":[{"id":55707,"href":"https:\/\/encuentroinformativo.com.mx\/index.php?rest_route=\/wp\/v2\/posts\/55704\/revisions\/55707"}],"wp:featuredmedia":[{"embeddable":true,"href":"https:\/\/encuentroinformativo.com.mx\/index.php?rest_route=\/wp\/v2\/media\/55705"}],"wp:attachment":[{"href":"https:\/\/encuentroinformativo.com.mx\/index.php?rest_route=%2Fwp%2Fv2%2Fmedia&parent=55704"}],"wp:term":[{"taxonomy":"category","embeddable":true,"href":"https:\/\/encuentroinformativo.com.mx\/index.php?rest_route=%2Fwp%2Fv2%2Fcategories&post=55704"},{"taxonomy":"post_tag","embeddable":true,"href":"https:\/\/encuentroinformativo.com.mx\/index.php?rest_route=%2Fwp%2Fv2%2Ftags&post=55704"}],"curies":[{"name":"wp","href":"https:\/\/api.w.org\/{rel}","templated":true}]}}