{"id":55708,"date":"2024-06-17T12:23:21","date_gmt":"2024-06-17T18:23:21","guid":{"rendered":"https:\/\/encuentroinformativo.com.mx\/?p=55708"},"modified":"2024-06-17T12:23:26","modified_gmt":"2024-06-17T18:23:26","slug":"desde-veracruz-netflix-contara-la-historia-de-las-muertas","status":"publish","type":"post","link":"https:\/\/encuentroinformativo.com.mx\/?p=55708","title":{"rendered":"Desde Veracruz Netflix contar\u00e1 la historia de &#8220;Las Muertas&#8221;"},"content":{"rendered":"\n<p><strong>Alejandro \u00c1vila<\/strong><\/p>\n\n\n\n<p><strong>Fotos:<\/strong> F\u00e9lix M\u00e1rquez\/Cortes\u00eda <\/p>\n\n\n\n<p>Veracruz, Ver.- Este lunes 17 de junio iniciaron las grabaciones en el puerto de Veracruz de la serie &#8220;Las Muertas&#8221;, misma que estar\u00e1 a cargo del director, Luis Estrada, y que contar\u00e1 la historia de &#8220;Las Poquianchis&#8221;, las asesinas seriales m\u00e1s famosas de M\u00e9xico.<\/p>\n\n\n\n<p>La serie que ser\u00e1 realizada por la productora Mezcala y transmitida por Netflix Latinoam\u00e9rica, es una adaptaci\u00f3n del texto creado por Jorge Ibarg\u00fcengoitia; el rodaje tendr\u00e1 varias locaciones, entre ellas el Centro Hist\u00f3rico de la ciudad de Veracruz y el popular Barrio de &#8220;La Huaca&#8221;.<\/p>\n\n\n\n<p>Entre 1945 y 1964 las 4 hermanas Gonz\u00e1lez Valenzuela oriundas de El Salto (Jalisco), fueron due\u00f1as de varios burdeles en los estados de Jalisco y Guanajuato.<\/p>\n\n\n\n<p>La revista Alarma expuso su caso en los a\u00f1os 70 y evidenci\u00f3 el c\u00famulo de delitos que ejecutaron durante cerca de 20 a\u00f1os; a &#8220;Las Poquianchis&#8221; se les confirmaron 91 asesinatos, aunque se presume que pudieron ser m\u00e1s de 150.<\/p>\n\n\n\n<p>Las hermanas Gonz\u00e1lez Valenzuela raptaban y privaban de su libertad a cientos de j\u00f3venes oblig\u00e1ndolas a ejercer la prostituci\u00f3n, cuando alguna de ellas sal\u00eda embarazada le practicaban el aborto provocando incluso la muerte de varias j\u00f3venes en el proceso.<\/p>\n\n\n\n<figure class=\"wp-block-image size-large\"><img loading=\"lazy\" decoding=\"async\" width=\"1024\" height=\"768\" src=\"https:\/\/encuentroinformativo.com.mx\/wp-content\/uploads\/2024\/06\/1000324798-1024x768.jpg\" alt=\"\" class=\"wp-image-55710\" srcset=\"https:\/\/encuentroinformativo.com.mx\/wp-content\/uploads\/2024\/06\/1000324798-1024x768.jpg 1024w, https:\/\/encuentroinformativo.com.mx\/wp-content\/uploads\/2024\/06\/1000324798-300x225.jpg 300w, https:\/\/encuentroinformativo.com.mx\/wp-content\/uploads\/2024\/06\/1000324798-768x576.jpg 768w, https:\/\/encuentroinformativo.com.mx\/wp-content\/uploads\/2024\/06\/1000324798-1536x1152.jpg 1536w, https:\/\/encuentroinformativo.com.mx\/wp-content\/uploads\/2024\/06\/1000324798.jpg 1600w\" sizes=\"auto, (max-width: 1024px) 100vw, 1024px\" \/><\/figure>\n","protected":false},"excerpt":{"rendered":"<p>Alejandro \u00c1vila Fotos: F\u00e9lix M\u00e1rquez\/Cortes\u00eda Veracruz, Ver.- Este lunes 17 de junio iniciaron las grabaciones en el puerto de Veracruz de la serie &#8220;Las Muertas&#8221;, misma que estar\u00e1 a cargo del director, Luis Estrada, y que contar\u00e1 la historia de &#8220;Las Poquianchis&#8221;, las asesinas seriales m\u00e1s famosas de M\u00e9xico. La serie que ser\u00e1 realizada por [&hellip;]<\/p>\n","protected":false},"author":2476,"featured_media":55709,"comment_status":"open","ping_status":"open","sticky":false,"template":"","format":"standard","meta":{"_jetpack_memberships_contains_paid_content":false,"footnotes":""},"categories":[2],"tags":[],"class_list":["post-55708","post","type-post","status-publish","format-standard","has-post-thumbnail","hentry","category-estado"],"jetpack_featured_media_url":"https:\/\/encuentroinformativo.com.mx\/wp-content\/uploads\/2024\/06\/IMG-20240617-WA0025.jpg","jetpack_sharing_enabled":true,"jetpack_likes_enabled":true,"amp_enabled":true,"_links":{"self":[{"href":"https:\/\/encuentroinformativo.com.mx\/index.php?rest_route=\/wp\/v2\/posts\/55708","targetHints":{"allow":["GET"]}}],"collection":[{"href":"https:\/\/encuentroinformativo.com.mx\/index.php?rest_route=\/wp\/v2\/posts"}],"about":[{"href":"https:\/\/encuentroinformativo.com.mx\/index.php?rest_route=\/wp\/v2\/types\/post"}],"author":[{"embeddable":true,"href":"https:\/\/encuentroinformativo.com.mx\/index.php?rest_route=\/wp\/v2\/users\/2476"}],"replies":[{"embeddable":true,"href":"https:\/\/encuentroinformativo.com.mx\/index.php?rest_route=%2Fwp%2Fv2%2Fcomments&post=55708"}],"version-history":[{"count":1,"href":"https:\/\/encuentroinformativo.com.mx\/index.php?rest_route=\/wp\/v2\/posts\/55708\/revisions"}],"predecessor-version":[{"id":55711,"href":"https:\/\/encuentroinformativo.com.mx\/index.php?rest_route=\/wp\/v2\/posts\/55708\/revisions\/55711"}],"wp:featuredmedia":[{"embeddable":true,"href":"https:\/\/encuentroinformativo.com.mx\/index.php?rest_route=\/wp\/v2\/media\/55709"}],"wp:attachment":[{"href":"https:\/\/encuentroinformativo.com.mx\/index.php?rest_route=%2Fwp%2Fv2%2Fmedia&parent=55708"}],"wp:term":[{"taxonomy":"category","embeddable":true,"href":"https:\/\/encuentroinformativo.com.mx\/index.php?rest_route=%2Fwp%2Fv2%2Fcategories&post=55708"},{"taxonomy":"post_tag","embeddable":true,"href":"https:\/\/encuentroinformativo.com.mx\/index.php?rest_route=%2Fwp%2Fv2%2Ftags&post=55708"}],"curies":[{"name":"wp","href":"https:\/\/api.w.org\/{rel}","templated":true}]}}