{"id":55715,"date":"2024-06-17T14:14:59","date_gmt":"2024-06-17T20:14:59","guid":{"rendered":"https:\/\/encuentroinformativo.com.mx\/?p=55715"},"modified":"2024-06-17T14:15:07","modified_gmt":"2024-06-17T20:15:07","slug":"insistira-organizacion-en-reclasificacion-de-tarifas-electricas","status":"publish","type":"post","link":"https:\/\/encuentroinformativo.com.mx\/?p=55715","title":{"rendered":"Insistir\u00e1 organizaci\u00f3n en reclasificaci\u00f3n de tarifas el\u00e9ctricas"},"content":{"rendered":"\n<p><strong>Dar\u00edo Pale <\/strong><\/p>\n\n\n\n<p>Xalapa, Ver.- Continuar\u00e1n pidiendo al nuevo Gobierno Federal la reclasificaci\u00f3n de tarifas de energ\u00eda el\u00e9ctrica, as\u00ed lo dio a conocer el vocero del Movimiento Chucho El Roto, Jorge Morales Barradas.<\/p>\n\n\n\n<p>Y es que dijo confiar que la pr\u00f3xima gobernadora de Veracruz, Roc\u00edo Nahle, trabaje en favor de los ciudadanos, ya que asegur\u00f3 que ella trae todo un esquema para apoyar a los veracruzanos.\u00a0<\/p>\n\n\n\n<p>&#8220;Con este nuevo gobierno ella trae todo el esquema para poder ayudar a los veracruzanos, creemos que va a ser un buen gobierno&#8221;, se\u00f1al\u00f3.<\/p>\n\n\n\n<p>&#8220;Recordemos que ella fue Secretaria de Energ\u00eda y en ese tenor trae todo el mecanismo para ayudar con este clamor qu\u00e9 hemos tenido por 17 a\u00f1os, la lucha social y la reclasificacion de tarifas&#8221;, agreg\u00f3.<\/p>\n\n\n\n<p>Precis\u00f3 adem\u00e1s que Ricardo Ahued, quien ocupar\u00e1 un lugar en el gabinete de Nahle Garc\u00eda, conoce de sus luchas y demandas.\u00a0<\/p>\n\n\n\n<p>&#8220;A Veracruz le va a ir bien con un gobierno de atenci\u00f3n, personajes qu\u00e9 le van a ayudar a la gobernadora, como el nuevo secretario que conoce nuestra lucha. Esperamos que sea cercano a la gente, que escuche y se revuelvan las demandas&#8221;, coment\u00f3.<\/p>\n\n\n\n<p>Por \u00faltimo dio a conocer que, lo que han buscado no es que bajen las tarifas, sino que se reclasifiquen, &#8220;nosotros siempre hemos dicho que las tarifas suben conforme a la inflaci\u00f3n y va ser dif\u00edcil modificar los precios, nosotros no pedimos que bajen sino que haya una reclasificaci\u00f3n que es diferente, el nuevo Congreso tendr\u00e1 mucho trabajo&#8221;.<\/p>\n","protected":false},"excerpt":{"rendered":"<p>Dar\u00edo Pale Xalapa, Ver.- Continuar\u00e1n pidiendo al nuevo Gobierno Federal la reclasificaci\u00f3n de tarifas de energ\u00eda el\u00e9ctrica, as\u00ed lo dio a conocer el vocero del Movimiento Chucho El Roto, Jorge Morales Barradas. Y es que dijo confiar que la pr\u00f3xima gobernadora de Veracruz, Roc\u00edo Nahle, trabaje en favor de los ciudadanos, ya que asegur\u00f3 que [&hellip;]<\/p>\n","protected":false},"author":2476,"featured_media":55716,"comment_status":"open","ping_status":"open","sticky":false,"template":"","format":"standard","meta":{"_jetpack_memberships_contains_paid_content":false,"footnotes":""},"categories":[8],"tags":[],"class_list":["post-55715","post","type-post","status-publish","format-standard","has-post-thumbnail","hentry","category-region"],"jetpack_featured_media_url":"https:\/\/encuentroinformativo.com.mx\/wp-content\/uploads\/2024\/06\/IMG-20240617-WA0069.jpg","jetpack_sharing_enabled":true,"jetpack_likes_enabled":true,"amp_enabled":true,"_links":{"self":[{"href":"https:\/\/encuentroinformativo.com.mx\/index.php?rest_route=\/wp\/v2\/posts\/55715","targetHints":{"allow":["GET"]}}],"collection":[{"href":"https:\/\/encuentroinformativo.com.mx\/index.php?rest_route=\/wp\/v2\/posts"}],"about":[{"href":"https:\/\/encuentroinformativo.com.mx\/index.php?rest_route=\/wp\/v2\/types\/post"}],"author":[{"embeddable":true,"href":"https:\/\/encuentroinformativo.com.mx\/index.php?rest_route=\/wp\/v2\/users\/2476"}],"replies":[{"embeddable":true,"href":"https:\/\/encuentroinformativo.com.mx\/index.php?rest_route=%2Fwp%2Fv2%2Fcomments&post=55715"}],"version-history":[{"count":1,"href":"https:\/\/encuentroinformativo.com.mx\/index.php?rest_route=\/wp\/v2\/posts\/55715\/revisions"}],"predecessor-version":[{"id":55717,"href":"https:\/\/encuentroinformativo.com.mx\/index.php?rest_route=\/wp\/v2\/posts\/55715\/revisions\/55717"}],"wp:featuredmedia":[{"embeddable":true,"href":"https:\/\/encuentroinformativo.com.mx\/index.php?rest_route=\/wp\/v2\/media\/55716"}],"wp:attachment":[{"href":"https:\/\/encuentroinformativo.com.mx\/index.php?rest_route=%2Fwp%2Fv2%2Fmedia&parent=55715"}],"wp:term":[{"taxonomy":"category","embeddable":true,"href":"https:\/\/encuentroinformativo.com.mx\/index.php?rest_route=%2Fwp%2Fv2%2Fcategories&post=55715"},{"taxonomy":"post_tag","embeddable":true,"href":"https:\/\/encuentroinformativo.com.mx\/index.php?rest_route=%2Fwp%2Fv2%2Ftags&post=55715"}],"curies":[{"name":"wp","href":"https:\/\/api.w.org\/{rel}","templated":true}]}}