{"id":5572,"date":"2020-09-04T16:44:35","date_gmt":"2020-09-04T21:44:35","guid":{"rendered":"https:\/\/encuentroinformativo.com\/?p=5572"},"modified":"2020-09-04T16:44:38","modified_gmt":"2020-09-04T21:44:38","slug":"comerciantes-se-quejan-por-falta-de-apoyos-en-coatepec","status":"publish","type":"post","link":"https:\/\/encuentroinformativo.com.mx\/?p=5572","title":{"rendered":"Comerciantes se quejan por falta de apoyos en Coatepec"},"content":{"rendered":"\n<p><strong>Juan Arcos <\/strong><\/p>\n\n\n\n<p>Coatepec, Ver.- Comerciantes denunciaron que en los cinco meses que van de pandemia por el SARS-COV-2 (COVID-19) no han recibido ning\u00fan apoyo econ\u00f3mico ni despensas por parte del ayuntamiento de Coatepec.<\/p>\n\n\n\n<p>De acuerdo con Luis \u00c1ngel Ruiz Contreras, un comerciante de cubrebocas, desde que inici\u00f3 la crisis sanitaria, se acerc\u00f3 a Palacio Municipal para hacer una solicitud formal, en busca de un cr\u00e9dito o cualquier otra ayuda por parte del gobierno.<\/p>\n\n\n\n<p>Sin embargo, aunque dej\u00f3 sus datos personales y llen\u00f3 un registro para acceder a alg\u00fan apoyo, hasta el momento no ha recibido una respuesta favorable.<\/p>\n\n\n\n<p>El joven vend\u00eda diversos art\u00edculos en fiestas patronales y ferias del Pueblo M\u00e1gico, actividades que fueron suspendidas por la emergencia sanitaria.<\/p>\n\n\n\n<p>En ese sentido, registr\u00f3 p\u00e9rdidas econ\u00f3micas del 70 por ciento y debi\u00f3 cambiar de giro su negocio, para tener ingresos y llevar el sustento a su familia.<\/p>\n\n\n\n<p>Ruiz Contreras vende cubrebocas en la zona centro de Coatepec, donde considera que las ganancias son insuficientes para cubrir los gastos de su hogar.<\/p>\n\n\n\n<p>El entrevistado mencion\u00f3 que muchos de sus compa\u00f1eros comerciantes tampoco recibieron una ayuda econ\u00f3mica ni despensa por parte del gobierno municipal, que encabeza Luis Enrique Fern\u00e1ndez Peredo.<\/p>\n\n\n\n<p>Cabe mencionar que los vendedores semifijos del parque Miguel Hidalgo tambi\u00e9n comentaron que no recibieron ning\u00fan apoyo econ\u00f3mico por parte del ayuntamiento.<\/p>\n\n\n\n<p>\u201cEn alguna ocasi\u00f3n recibimos despensa, con eso s\u00ed nos apoyaron y ya nos est\u00e1n dejando poco a poco volver a trabajar en el parque, despu\u00e9s de varios meses (cinco meses)\u201d, expresaron.<\/p>\n\n\n\n<p><\/p>\n","protected":false},"excerpt":{"rendered":"<p>Juan Arcos Coatepec, Ver.- Comerciantes denunciaron que en los cinco meses que van de pandemia por el SARS-COV-2 (COVID-19) no han recibido ning\u00fan apoyo econ\u00f3mico ni despensas por parte del ayuntamiento de Coatepec. De acuerdo con Luis \u00c1ngel Ruiz Contreras, un comerciante de cubrebocas, desde que inici\u00f3 la crisis sanitaria, se acerc\u00f3 a Palacio Municipal [&hellip;]<\/p>\n","protected":false},"author":1,"featured_media":5573,"comment_status":"open","ping_status":"open","sticky":false,"template":"","format":"standard","meta":{"_jetpack_memberships_contains_paid_content":false,"footnotes":""},"categories":[8],"tags":[],"class_list":["post-5572","post","type-post","status-publish","format-standard","has-post-thumbnail","hentry","category-region"],"jetpack_featured_media_url":"https:\/\/encuentroinformativo.com.mx\/wp-content\/uploads\/2020\/09\/E3997CAE-0BF7-4B87-905A-A32859DF76AB.jpeg","jetpack_sharing_enabled":true,"jetpack_likes_enabled":true,"amp_enabled":true,"_links":{"self":[{"href":"https:\/\/encuentroinformativo.com.mx\/index.php?rest_route=\/wp\/v2\/posts\/5572","targetHints":{"allow":["GET"]}}],"collection":[{"href":"https:\/\/encuentroinformativo.com.mx\/index.php?rest_route=\/wp\/v2\/posts"}],"about":[{"href":"https:\/\/encuentroinformativo.com.mx\/index.php?rest_route=\/wp\/v2\/types\/post"}],"author":[{"embeddable":true,"href":"https:\/\/encuentroinformativo.com.mx\/index.php?rest_route=\/wp\/v2\/users\/1"}],"replies":[{"embeddable":true,"href":"https:\/\/encuentroinformativo.com.mx\/index.php?rest_route=%2Fwp%2Fv2%2Fcomments&post=5572"}],"version-history":[{"count":1,"href":"https:\/\/encuentroinformativo.com.mx\/index.php?rest_route=\/wp\/v2\/posts\/5572\/revisions"}],"predecessor-version":[{"id":5574,"href":"https:\/\/encuentroinformativo.com.mx\/index.php?rest_route=\/wp\/v2\/posts\/5572\/revisions\/5574"}],"wp:featuredmedia":[{"embeddable":true,"href":"https:\/\/encuentroinformativo.com.mx\/index.php?rest_route=\/wp\/v2\/media\/5573"}],"wp:attachment":[{"href":"https:\/\/encuentroinformativo.com.mx\/index.php?rest_route=%2Fwp%2Fv2%2Fmedia&parent=5572"}],"wp:term":[{"taxonomy":"category","embeddable":true,"href":"https:\/\/encuentroinformativo.com.mx\/index.php?rest_route=%2Fwp%2Fv2%2Fcategories&post=5572"},{"taxonomy":"post_tag","embeddable":true,"href":"https:\/\/encuentroinformativo.com.mx\/index.php?rest_route=%2Fwp%2Fv2%2Ftags&post=5572"}],"curies":[{"name":"wp","href":"https:\/\/api.w.org\/{rel}","templated":true}]}}