{"id":55722,"date":"2024-06-17T14:25:08","date_gmt":"2024-06-17T20:25:08","guid":{"rendered":"https:\/\/encuentroinformativo.com.mx\/?p=55722"},"modified":"2024-06-17T14:25:17","modified_gmt":"2024-06-17T20:25:17","slug":"festejan-el-dia-del-padre-en-centros-penitenciarios-de-veracruz","status":"publish","type":"post","link":"https:\/\/encuentroinformativo.com.mx\/?p=55722","title":{"rendered":"Festejan el D\u00eda del Padre en Centros Penitenciarios de Veracruz"},"content":{"rendered":"\n<p>Xalapa, Ver.- En el marco del D\u00eda del Padre, la Secretar\u00eda de Seguridad P\u00fablica (SSP), a trav\u00e9s de la Direcci\u00f3n General de Prevenci\u00f3n y Reinserci\u00f3n Social, realiz\u00f3 diversas actividades en los 17 Centros Penitenciarios y el M\u00f3dulo Preventivo de 72 Horas de Veracruz con el objetivo de fortalecer los lazos afectivos entre las Personas Privadas de la Libertad.<\/p>\n\n\n\n<p>El fin de semana se realizaron actividades de esparcimiento como: concursos, juegos, baile y pl\u00e1ticas resaltando la importancia de la figura paterna, entre otras, para celebrar a las personas privadas de la libertad que son pap\u00e1s.<\/p>\n\n\n\n<p>En virtud que el d\u00eda de visita coincidi\u00f3 con el D\u00eda del Padre, los privados de la libertad pudieron festejar al lado de sus hijos e hijas, esposas y dem\u00e1s seres queridos y vivieron una grata convivencia.<\/p>\n\n\n\n<p>Dichas actividades estuvieron a cargo del personal que labora en las \u00e1reas de Prevenci\u00f3n del Delito, Educativo, Trabajo Social, Deportes, as\u00ed como de las autoridades penitenciarias de los 17 centros de reinserci\u00f3n social y el M\u00f3dulo Preventivo de 72 Horas de Veracruz.<\/p>\n\n\n\n<p>Con estas acciones la Secretar\u00eda de Seguridad P\u00fablica fortalece los lazos familiares para dar un eficaz cumplimiento al proceso de reinserci\u00f3n social como lo establecen los lineamientos fundamentados en la educaci\u00f3n, salud, deporte, trabajo y capacitaci\u00f3n para el trabajo.<\/p>\n","protected":false},"excerpt":{"rendered":"<p>Xalapa, Ver.- En el marco del D\u00eda del Padre, la Secretar\u00eda de Seguridad P\u00fablica (SSP), a trav\u00e9s de la Direcci\u00f3n General de Prevenci\u00f3n y Reinserci\u00f3n Social, realiz\u00f3 diversas actividades en los 17 Centros Penitenciarios y el M\u00f3dulo Preventivo de 72 Horas de Veracruz con el objetivo de fortalecer los lazos afectivos entre las Personas Privadas [&hellip;]<\/p>\n","protected":false},"author":2476,"featured_media":55723,"comment_status":"open","ping_status":"open","sticky":false,"template":"","format":"standard","meta":{"_jetpack_memberships_contains_paid_content":false,"footnotes":""},"categories":[14],"tags":[],"class_list":["post-55722","post","type-post","status-publish","format-standard","has-post-thumbnail","hentry","category-policiaca"],"jetpack_featured_media_url":"https:\/\/encuentroinformativo.com.mx\/wp-content\/uploads\/2024\/06\/IMG-20240617-WA0090.jpg","jetpack_sharing_enabled":true,"jetpack_likes_enabled":true,"amp_enabled":true,"_links":{"self":[{"href":"https:\/\/encuentroinformativo.com.mx\/index.php?rest_route=\/wp\/v2\/posts\/55722","targetHints":{"allow":["GET"]}}],"collection":[{"href":"https:\/\/encuentroinformativo.com.mx\/index.php?rest_route=\/wp\/v2\/posts"}],"about":[{"href":"https:\/\/encuentroinformativo.com.mx\/index.php?rest_route=\/wp\/v2\/types\/post"}],"author":[{"embeddable":true,"href":"https:\/\/encuentroinformativo.com.mx\/index.php?rest_route=\/wp\/v2\/users\/2476"}],"replies":[{"embeddable":true,"href":"https:\/\/encuentroinformativo.com.mx\/index.php?rest_route=%2Fwp%2Fv2%2Fcomments&post=55722"}],"version-history":[{"count":1,"href":"https:\/\/encuentroinformativo.com.mx\/index.php?rest_route=\/wp\/v2\/posts\/55722\/revisions"}],"predecessor-version":[{"id":55724,"href":"https:\/\/encuentroinformativo.com.mx\/index.php?rest_route=\/wp\/v2\/posts\/55722\/revisions\/55724"}],"wp:featuredmedia":[{"embeddable":true,"href":"https:\/\/encuentroinformativo.com.mx\/index.php?rest_route=\/wp\/v2\/media\/55723"}],"wp:attachment":[{"href":"https:\/\/encuentroinformativo.com.mx\/index.php?rest_route=%2Fwp%2Fv2%2Fmedia&parent=55722"}],"wp:term":[{"taxonomy":"category","embeddable":true,"href":"https:\/\/encuentroinformativo.com.mx\/index.php?rest_route=%2Fwp%2Fv2%2Fcategories&post=55722"},{"taxonomy":"post_tag","embeddable":true,"href":"https:\/\/encuentroinformativo.com.mx\/index.php?rest_route=%2Fwp%2Fv2%2Ftags&post=55722"}],"curies":[{"name":"wp","href":"https:\/\/api.w.org\/{rel}","templated":true}]}}