{"id":55728,"date":"2024-06-17T14:49:45","date_gmt":"2024-06-17T20:49:45","guid":{"rendered":"https:\/\/encuentroinformativo.com.mx\/?p=55728"},"modified":"2024-06-17T14:49:53","modified_gmt":"2024-06-17T20:49:53","slug":"colectivos-seguiran-pugnando-por-construccion-de-unidad-de-identificacion-de-cuerpos","status":"publish","type":"post","link":"https:\/\/encuentroinformativo.com.mx\/?p=55728","title":{"rendered":"Colectivos seguir\u00e1n pugnando por construcci\u00f3n de Unidad de Identificaci\u00f3n de Cuerpos"},"content":{"rendered":"\n<p><strong>Dar\u00edo Pale <\/strong><\/p>\n\n\n\n<p>Xalapa, Ver.- Integrantes de colectivos que buscan a sus desaparecidos, advirtieron que continuar\u00e1n buscando que se construya una Unidad de Identificaci\u00f3n de Cuerpos Humanos en el pante\u00f3n Palo Verde, pues hasta el momento nadie les ha informado que este proyecto se vaya a cancelar luego de la inconformidad de vecinos de esa zona.<\/p>\n\n\n\n<p>En entrevista la integrante del Instituto Mexicano de Derechos Humanos y Democracia Ana\u00eds Palacios Perez, acompa\u00f1ada de Mar\u00eda Elena Guti\u00e9rrez del colectivo Buscando a Nuestros Desaparecidos y Desaparecidas, se\u00f1alaron que hasta el viernes pasado el proyecto segu\u00eda en pie y no se ha dado por sentado su cancelaci\u00f3n, \u201cno nos han dicho nada, no se ha dado por sentado la cancelaci\u00f3n y estamos sobre los tiempos\u201d.<\/p>\n\n\n\n<p>Tras la decisi\u00f3n del alcalde de Xalapa, Ricardo Ahued Bardahuil, de retirar los recursos para la construcci\u00f3n de un SEMEFO en el pante\u00f3n Palo Verde de esta capital, el colectivo Buscando a nuestros desaparecidos y desaparecidas Veracruz, buscar\u00e1n que el edil reconsidere esa decisi\u00f3n.<\/p>\n\n\n\n<p>Recordaron que han buscado desde hace diez a\u00f1os que el Ayuntamiento y la Fiscal\u00eda General del Estado lleven a cabo dicho proyecto y agregaron adem\u00e1s que entre el 2010 y 2015 se inhumaron 99 cuerpos, de ah\u00ed que sea una necesidad urgente para las familias de desaparecidos.<\/p>\n\n\n\n<p>Ana\u00eds Palacios puntualiz\u00f3 que de entre 2010 y 2015 se inhumaron 99 cuerpos en Palo Verde, por ello elaboraron un proyecto para la construcci\u00f3n de un SEMEFO tipo.<\/p>\n\n\n\n<p>Reconoci\u00f3 que la palabra SEMEFO genera confusi\u00f3n, porque no tendr\u00e1 las funciones que tiene en la direcci\u00f3n de Servicios Periciales de recuperaci\u00f3n de recursos humanos, sino que solamente servir\u00eda para la identificaci\u00f3n de restos humanos depositados, al menos entre 2010 y 2015 en Palo Verde.<\/p>\n\n\n\n<p>Asimismo, aseguraron que no se talar\u00e1n 40 \u00e1rboles como los manifestantes han dado a conocer, sino dos pero hay alternativa que no se tire ninguno.<\/p>\n\n\n\n<p>\u201cHemos visto este descontento de vecinos, no se violenta ning\u00fan derecho pero es importante que sepan que es una necesidad de m\u00e1s de una d\u00e9cada que se van a tirar 40 \u00e1rboles pero en realidad lo que se requiere hacer es liberar el espacio para que puedan ingresar ambulancias. Hay desinformaci\u00f3n, el proyecto no es abierto, tiene que pasar por un proceso de licitaci\u00f3n, pero es necesario que las mismas autoridades aclaren la finalidad&#8221;, se\u00f1alaron.<\/p>\n\n\n\n<p>&#8220;Estamos en espera que el proyecto contin\u00fae, no s\u00e9 qu\u00e9 tan viable sea el dialogo con los vecinos para que conozcan la necesidad de este lado, no sabemos si la Fiscal\u00eda ha intervenido. Se ha hablado de olores, putrefacci\u00f3n, pero nosotras defendemos con dignidad a los desaparecidos\u201d, agreg\u00f3.<\/p>\n\n\n\n<p>Explicaron tambi\u00e9n que este lugar es id\u00f3neo para la construcci\u00f3n del SEMEFO, por lo que insistieron en que tambi\u00e9n estos colectivos son parte de la sociedad y tienen derecho a buscar a sus desaparecidos.<\/p>\n\n\n\n<p>Finalmente, dijeron que esta obra costar\u00e1 12 millones de pesos y est\u00e1 a cargo del Ayuntamiento y de la Fiscal\u00eda.<\/p>\n","protected":false},"excerpt":{"rendered":"<p>Dar\u00edo Pale Xalapa, Ver.- Integrantes de colectivos que buscan a sus desaparecidos, advirtieron que continuar\u00e1n buscando que se construya una Unidad de Identificaci\u00f3n de Cuerpos Humanos en el pante\u00f3n Palo Verde, pues hasta el momento nadie les ha informado que este proyecto se vaya a cancelar luego de la inconformidad de vecinos de esa zona. [&hellip;]<\/p>\n","protected":false},"author":2476,"featured_media":55729,"comment_status":"open","ping_status":"open","sticky":false,"template":"","format":"standard","meta":{"_jetpack_memberships_contains_paid_content":false,"footnotes":""},"categories":[3],"tags":[],"class_list":["post-55728","post","type-post","status-publish","format-standard","has-post-thumbnail","hentry","category-xalapa"],"jetpack_featured_media_url":"https:\/\/encuentroinformativo.com.mx\/wp-content\/uploads\/2024\/06\/IMG-20240617-WA00391.jpg","jetpack_sharing_enabled":true,"jetpack_likes_enabled":true,"amp_enabled":true,"_links":{"self":[{"href":"https:\/\/encuentroinformativo.com.mx\/index.php?rest_route=\/wp\/v2\/posts\/55728","targetHints":{"allow":["GET"]}}],"collection":[{"href":"https:\/\/encuentroinformativo.com.mx\/index.php?rest_route=\/wp\/v2\/posts"}],"about":[{"href":"https:\/\/encuentroinformativo.com.mx\/index.php?rest_route=\/wp\/v2\/types\/post"}],"author":[{"embeddable":true,"href":"https:\/\/encuentroinformativo.com.mx\/index.php?rest_route=\/wp\/v2\/users\/2476"}],"replies":[{"embeddable":true,"href":"https:\/\/encuentroinformativo.com.mx\/index.php?rest_route=%2Fwp%2Fv2%2Fcomments&post=55728"}],"version-history":[{"count":1,"href":"https:\/\/encuentroinformativo.com.mx\/index.php?rest_route=\/wp\/v2\/posts\/55728\/revisions"}],"predecessor-version":[{"id":55730,"href":"https:\/\/encuentroinformativo.com.mx\/index.php?rest_route=\/wp\/v2\/posts\/55728\/revisions\/55730"}],"wp:featuredmedia":[{"embeddable":true,"href":"https:\/\/encuentroinformativo.com.mx\/index.php?rest_route=\/wp\/v2\/media\/55729"}],"wp:attachment":[{"href":"https:\/\/encuentroinformativo.com.mx\/index.php?rest_route=%2Fwp%2Fv2%2Fmedia&parent=55728"}],"wp:term":[{"taxonomy":"category","embeddable":true,"href":"https:\/\/encuentroinformativo.com.mx\/index.php?rest_route=%2Fwp%2Fv2%2Fcategories&post=55728"},{"taxonomy":"post_tag","embeddable":true,"href":"https:\/\/encuentroinformativo.com.mx\/index.php?rest_route=%2Fwp%2Fv2%2Ftags&post=55728"}],"curies":[{"name":"wp","href":"https:\/\/api.w.org\/{rel}","templated":true}]}}