{"id":55731,"date":"2024-06-17T17:01:06","date_gmt":"2024-06-17T23:01:06","guid":{"rendered":"https:\/\/encuentroinformativo.com.mx\/?p=55731"},"modified":"2024-06-17T17:01:13","modified_gmt":"2024-06-17T23:01:13","slug":"encabeza-ricardo-ahued-jornada-del-programa-audiencias-ciudadanas","status":"publish","type":"post","link":"https:\/\/encuentroinformativo.com.mx\/?p=55731","title":{"rendered":"Encabeza Ricardo Ahued jornada del Programa Audiencias Ciudadanas"},"content":{"rendered":"\n<p><strong>* Cientos de personas fueron atendidas personalmente por el Alcalde.<\/strong><\/p>\n\n\n\n<p>Xalapa, Ver.- Cientos de habitantes de diversos sectores de la ciudad acudieron este lunes a Palacio Municipal, al desarrollarse una jornada m\u00e1s del Programa Audiencias Ciudadanas, estrategia implementada durante esta Administraci\u00f3n por el alcalde Ricardo Ahued Bardahuil.<\/p>\n\n\n\n<p>Como cada lunes, el Edil atendi\u00f3 personalmente a las y los xalape\u00f1os en la Sala de Cabildo, quienes plantearon diversas necesidades para mejorar su calidad de vida.<\/p>\n\n\n\n<p>Acompa\u00f1ado de los regidores Carlos Ortega Murgu\u00eda, Carlos Rugerio Mart\u00ednez y Daniel Fern\u00e1ndez Carri\u00f3n, el Presidente Municipal escuch\u00f3 directamente las inquietudes de la sociedad, con el fin de canalizar las problem\u00e1ticas de la comunidad a distintas \u00e1reas del Gobierno Municipal para darles soluci\u00f3n.<\/p>\n\n\n\n<p>Ante el director de Participaci\u00f3n Ciudadana, Juan Mar\u00edn Viveros, las y los ciudadanos solicitaron el apoyo para la construcci\u00f3n de obra p\u00fablica, el desarrollo infraestructura hidr\u00e1ulica y sanitaria, trabajos de mejoramiento en beneficio de la comunidad escolar y la ampliaci\u00f3n de la red de alumbrado p\u00fablico, entre otras acciones.<\/p>\n","protected":false},"excerpt":{"rendered":"<p>* Cientos de personas fueron atendidas personalmente por el Alcalde. Xalapa, Ver.- Cientos de habitantes de diversos sectores de la ciudad acudieron este lunes a Palacio Municipal, al desarrollarse una jornada m\u00e1s del Programa Audiencias Ciudadanas, estrategia implementada durante esta Administraci\u00f3n por el alcalde Ricardo Ahued Bardahuil. Como cada lunes, el Edil atendi\u00f3 personalmente a [&hellip;]<\/p>\n","protected":false},"author":2476,"featured_media":55732,"comment_status":"open","ping_status":"open","sticky":false,"template":"","format":"standard","meta":{"_jetpack_memberships_contains_paid_content":false,"footnotes":""},"categories":[3],"tags":[],"class_list":["post-55731","post","type-post","status-publish","format-standard","has-post-thumbnail","hentry","category-xalapa"],"jetpack_featured_media_url":"https:\/\/encuentroinformativo.com.mx\/wp-content\/uploads\/2024\/06\/IMG-20240617-WA0048.jpg","jetpack_sharing_enabled":true,"jetpack_likes_enabled":true,"amp_enabled":true,"_links":{"self":[{"href":"https:\/\/encuentroinformativo.com.mx\/index.php?rest_route=\/wp\/v2\/posts\/55731","targetHints":{"allow":["GET"]}}],"collection":[{"href":"https:\/\/encuentroinformativo.com.mx\/index.php?rest_route=\/wp\/v2\/posts"}],"about":[{"href":"https:\/\/encuentroinformativo.com.mx\/index.php?rest_route=\/wp\/v2\/types\/post"}],"author":[{"embeddable":true,"href":"https:\/\/encuentroinformativo.com.mx\/index.php?rest_route=\/wp\/v2\/users\/2476"}],"replies":[{"embeddable":true,"href":"https:\/\/encuentroinformativo.com.mx\/index.php?rest_route=%2Fwp%2Fv2%2Fcomments&post=55731"}],"version-history":[{"count":1,"href":"https:\/\/encuentroinformativo.com.mx\/index.php?rest_route=\/wp\/v2\/posts\/55731\/revisions"}],"predecessor-version":[{"id":55733,"href":"https:\/\/encuentroinformativo.com.mx\/index.php?rest_route=\/wp\/v2\/posts\/55731\/revisions\/55733"}],"wp:featuredmedia":[{"embeddable":true,"href":"https:\/\/encuentroinformativo.com.mx\/index.php?rest_route=\/wp\/v2\/media\/55732"}],"wp:attachment":[{"href":"https:\/\/encuentroinformativo.com.mx\/index.php?rest_route=%2Fwp%2Fv2%2Fmedia&parent=55731"}],"wp:term":[{"taxonomy":"category","embeddable":true,"href":"https:\/\/encuentroinformativo.com.mx\/index.php?rest_route=%2Fwp%2Fv2%2Fcategories&post=55731"},{"taxonomy":"post_tag","embeddable":true,"href":"https:\/\/encuentroinformativo.com.mx\/index.php?rest_route=%2Fwp%2Fv2%2Ftags&post=55731"}],"curies":[{"name":"wp","href":"https:\/\/api.w.org\/{rel}","templated":true}]}}