{"id":55739,"date":"2024-06-18T11:44:51","date_gmt":"2024-06-18T17:44:51","guid":{"rendered":"https:\/\/encuentroinformativo.com.mx\/?p=55739"},"modified":"2024-06-18T11:45:01","modified_gmt":"2024-06-18T17:45:01","slug":"diputados-panistas-de-veracruz-acusan-persecucion-politica-contra-maym","status":"publish","type":"post","link":"https:\/\/encuentroinformativo.com.mx\/?p=55739","title":{"rendered":"Diputados panistas de Veracruz acusan persecuci\u00f3n pol\u00edtica contra MAYM"},"content":{"rendered":"\n<p><strong>Alejandro \u00c1vila<\/strong><\/p>\n\n\n\n<p>Veracruz, Ver.- Legisladores panistas de Veracruz exigieron al actual gobierno del Estado y a la gobernadora electa, cesar la persecuci\u00f3n pol\u00edtica en contra de Miguel \u00c1ngel Yunes M\u00e1rquez.<\/p>\n\n\n\n<p>Indira Rosales San Rom\u00e1n, diputada electa de Boca del R\u00edo, record\u00f3 que este lunes se pidi\u00f3 a la Fiscal\u00eda de Veracruz acelerar un proceso penal en contra del Senador electo, para obligarlo a acudir a una audiencia por el presunto delito de falsificaci\u00f3n de documentos.<\/p>\n\n\n\n<p>&#8220;La persecuci\u00f3n pol\u00edtica en contra del Senador, Miguel \u00c1ngel Yunes M\u00e1rquez, la sustentan en su intenci\u00f3n de ser candidato a presidente municipal de Veracruz en el a\u00f1o 2021, argumentando que no vive en este municipio, cuando tanto el Tribunal Electoral, como el INE, como el propio Juez que sigue esta causa reconocen que tiene su domicilio en Veracruz, es decir, no hay delito alguno, solo una clara intenci\u00f3n pol\u00edtica de frenar su llegada al Senado&#8221;, mencion\u00f3 la panista.<\/p>\n\n\n\n<p>Por su parte, Maryjose Gamboa Torales, mencion\u00f3 que resulta contradictorio que la gobernadora electa pida que se aceleren procesos penales en contra de sus adversarios pol\u00edticos, pero no solicite se esclarezcan los homicidios en el Estado, cr\u00edmenes contra periodistas, feminicidios, As\u00ed como robos y extorsiones.<\/p>\n\n\n\n<p>&#8220;Eso no, eso a ella no le interesa, solo le interesa este tema porque es claramente con fines y con tintes de persecuci\u00f3n pol\u00edtica. Tampoco ha solicitado a la autoridad competente que se aceleren las investigaciones en las casi 40 denuncias que han sido presentadas en su contra por enriquecimiento il\u00edcito, por corrupci\u00f3n y otros delitos, hacerlo hablar\u00eda de congruencia&#8221;, sentenci\u00f3.<\/p>\n\n\n\n<p>En dicho evento tambi\u00e9n estuvieron presentes, Ver\u00f3nica pulido Herrera; Carlos Valenzuela Gonz\u00e1lez; Miguel Hermida Copado y Jaime de la Garza Mart\u00ednez.<\/p>\n","protected":false},"excerpt":{"rendered":"<p>Alejandro \u00c1vila Veracruz, Ver.- Legisladores panistas de Veracruz exigieron al actual gobierno del Estado y a la gobernadora electa, cesar la persecuci\u00f3n pol\u00edtica en contra de Miguel \u00c1ngel Yunes M\u00e1rquez. Indira Rosales San Rom\u00e1n, diputada electa de Boca del R\u00edo, record\u00f3 que este lunes se pidi\u00f3 a la Fiscal\u00eda de Veracruz acelerar un proceso penal [&hellip;]<\/p>\n","protected":false},"author":2476,"featured_media":55740,"comment_status":"open","ping_status":"open","sticky":false,"template":"","format":"standard","meta":{"_jetpack_memberships_contains_paid_content":false,"footnotes":""},"categories":[2],"tags":[],"class_list":["post-55739","post","type-post","status-publish","format-standard","has-post-thumbnail","hentry","category-estado"],"jetpack_featured_media_url":"https:\/\/encuentroinformativo.com.mx\/wp-content\/uploads\/2024\/06\/IMG-20240618-WA00122.jpg","jetpack_sharing_enabled":true,"jetpack_likes_enabled":true,"amp_enabled":true,"_links":{"self":[{"href":"https:\/\/encuentroinformativo.com.mx\/index.php?rest_route=\/wp\/v2\/posts\/55739","targetHints":{"allow":["GET"]}}],"collection":[{"href":"https:\/\/encuentroinformativo.com.mx\/index.php?rest_route=\/wp\/v2\/posts"}],"about":[{"href":"https:\/\/encuentroinformativo.com.mx\/index.php?rest_route=\/wp\/v2\/types\/post"}],"author":[{"embeddable":true,"href":"https:\/\/encuentroinformativo.com.mx\/index.php?rest_route=\/wp\/v2\/users\/2476"}],"replies":[{"embeddable":true,"href":"https:\/\/encuentroinformativo.com.mx\/index.php?rest_route=%2Fwp%2Fv2%2Fcomments&post=55739"}],"version-history":[{"count":1,"href":"https:\/\/encuentroinformativo.com.mx\/index.php?rest_route=\/wp\/v2\/posts\/55739\/revisions"}],"predecessor-version":[{"id":55741,"href":"https:\/\/encuentroinformativo.com.mx\/index.php?rest_route=\/wp\/v2\/posts\/55739\/revisions\/55741"}],"wp:featuredmedia":[{"embeddable":true,"href":"https:\/\/encuentroinformativo.com.mx\/index.php?rest_route=\/wp\/v2\/media\/55740"}],"wp:attachment":[{"href":"https:\/\/encuentroinformativo.com.mx\/index.php?rest_route=%2Fwp%2Fv2%2Fmedia&parent=55739"}],"wp:term":[{"taxonomy":"category","embeddable":true,"href":"https:\/\/encuentroinformativo.com.mx\/index.php?rest_route=%2Fwp%2Fv2%2Fcategories&post=55739"},{"taxonomy":"post_tag","embeddable":true,"href":"https:\/\/encuentroinformativo.com.mx\/index.php?rest_route=%2Fwp%2Fv2%2Ftags&post=55739"}],"curies":[{"name":"wp","href":"https:\/\/api.w.org\/{rel}","templated":true}]}}