{"id":5575,"date":"2020-09-04T17:09:36","date_gmt":"2020-09-04T22:09:36","guid":{"rendered":"https:\/\/encuentroinformativo.com\/?p=5575"},"modified":"2020-09-04T17:09:38","modified_gmt":"2020-09-04T22:09:38","slug":"centro-de-xalapa-permanecera-cerrado-el-dia-15-cuitlahuac","status":"publish","type":"post","link":"https:\/\/encuentroinformativo.com.mx\/?p=5575","title":{"rendered":"Centro de Xalapa permanecer\u00e1 cerrado el d\u00eda 15: Cuitl\u00e1huac"},"content":{"rendered":"\n<p><strong>Dar\u00edo Pale <\/strong><\/p>\n\n\n\n<p>Xalapa, Ver.- El gobernador del estado Cuitl\u00e1huac Garc\u00eda Jim\u00e9nez dio a conocer que el d\u00eda 15 de septiembre no habr\u00e1 acceso de personas al centro de la capital.<\/p>\n\n\n\n<p>Entrevistado en las calles del centro de Xalapa, reitero que ser\u00e1 virtual &#8220;en el momento del grito salga al balc\u00f3n, previamente recib\u00ed la bandera todo esto se va a trasmitir por el canal de televisi\u00f3n del estado tambi\u00e9n tal vez por radio y de ah\u00ed las cadenas que quieran conectarse estatales&#8221;.<\/p>\n\n\n\n<p>Despu\u00e9s del grito regresa la bandera y posteriormente se conectar\u00e1n al evento nacional, no har\u00e1n quema de juegos pirot\u00e9cnicos y solo presum\u00edan la instalaci\u00f3n de algunas luces que hicieron y posiblemente la quema de algunas bengala en diferentes puntos de la ciudad con la finalidad de que las personas no salgan de sus casas.<\/p>\n\n\n\n<p>El centro va a estar cerrado a la poblaci\u00f3n y espera que festejen la independencia que nos otorgaron nuestros libertadores pero que solo lo hagan en sus casas con la familia y eviten reunirse con m\u00e1s personas ya que en Xalapa contin\u00faan en sem\u00e1foro rojo por la pandemia.<\/p>\n\n\n\n<p>En cuanto a los municipios reiter\u00f3 que no deben realizar el grito para evitar regresar del sem\u00e1foro amarillo al naranja y puedan seguir avanzando para que pronto Veracruz est\u00e9 en sem\u00e1foro verde.<\/p>\n\n\n\n<p>Finalmente en cuanto a si habr\u00e1 castigo para los alcaldes que realicen el grito dio a conocer que ser\u00e1 la misma sociedad la que se los recriminar\u00e1.<\/p>\n\n\n\n<p><\/p>\n","protected":false},"excerpt":{"rendered":"<p>Dar\u00edo Pale Xalapa, Ver.- El gobernador del estado Cuitl\u00e1huac Garc\u00eda Jim\u00e9nez dio a conocer que el d\u00eda 15 de septiembre no habr\u00e1 acceso de personas al centro de la capital. Entrevistado en las calles del centro de Xalapa, reitero que ser\u00e1 virtual &#8220;en el momento del grito salga al balc\u00f3n, previamente recib\u00ed la bandera todo [&hellip;]<\/p>\n","protected":false},"author":1,"featured_media":5576,"comment_status":"open","ping_status":"open","sticky":false,"template":"","format":"standard","meta":{"_jetpack_memberships_contains_paid_content":false,"footnotes":""},"categories":[3],"tags":[],"class_list":["post-5575","post","type-post","status-publish","format-standard","has-post-thumbnail","hentry","category-xalapa"],"jetpack_featured_media_url":"https:\/\/encuentroinformativo.com.mx\/wp-content\/uploads\/2020\/09\/E9B90D3F-EBCB-43C7-8B3C-60C3BA19BB97.jpeg","jetpack_sharing_enabled":true,"jetpack_likes_enabled":true,"amp_enabled":true,"_links":{"self":[{"href":"https:\/\/encuentroinformativo.com.mx\/index.php?rest_route=\/wp\/v2\/posts\/5575","targetHints":{"allow":["GET"]}}],"collection":[{"href":"https:\/\/encuentroinformativo.com.mx\/index.php?rest_route=\/wp\/v2\/posts"}],"about":[{"href":"https:\/\/encuentroinformativo.com.mx\/index.php?rest_route=\/wp\/v2\/types\/post"}],"author":[{"embeddable":true,"href":"https:\/\/encuentroinformativo.com.mx\/index.php?rest_route=\/wp\/v2\/users\/1"}],"replies":[{"embeddable":true,"href":"https:\/\/encuentroinformativo.com.mx\/index.php?rest_route=%2Fwp%2Fv2%2Fcomments&post=5575"}],"version-history":[{"count":1,"href":"https:\/\/encuentroinformativo.com.mx\/index.php?rest_route=\/wp\/v2\/posts\/5575\/revisions"}],"predecessor-version":[{"id":5577,"href":"https:\/\/encuentroinformativo.com.mx\/index.php?rest_route=\/wp\/v2\/posts\/5575\/revisions\/5577"}],"wp:featuredmedia":[{"embeddable":true,"href":"https:\/\/encuentroinformativo.com.mx\/index.php?rest_route=\/wp\/v2\/media\/5576"}],"wp:attachment":[{"href":"https:\/\/encuentroinformativo.com.mx\/index.php?rest_route=%2Fwp%2Fv2%2Fmedia&parent=5575"}],"wp:term":[{"taxonomy":"category","embeddable":true,"href":"https:\/\/encuentroinformativo.com.mx\/index.php?rest_route=%2Fwp%2Fv2%2Fcategories&post=5575"},{"taxonomy":"post_tag","embeddable":true,"href":"https:\/\/encuentroinformativo.com.mx\/index.php?rest_route=%2Fwp%2Fv2%2Ftags&post=5575"}],"curies":[{"name":"wp","href":"https:\/\/api.w.org\/{rel}","templated":true}]}}