{"id":55757,"date":"2024-06-18T14:08:29","date_gmt":"2024-06-18T20:08:29","guid":{"rendered":"https:\/\/encuentroinformativo.com.mx\/?p=55757"},"modified":"2024-06-18T14:08:34","modified_gmt":"2024-06-18T20:08:34","slug":"confia-diputada-en-concluir-memorial-a-los-heroes-de-la-salud","status":"publish","type":"post","link":"https:\/\/encuentroinformativo.com.mx\/?p=55757","title":{"rendered":"Conf\u00eda diputada en concluir Memorial a los H\u00e9roes de la Salud"},"content":{"rendered":"\n<p><strong>Dar\u00edo Pale<\/strong><\/p>\n\n\n\n<p>Xalapa, Ver.- Antes de que culmine la legislatura actual, debe quedar listo el Memorial a los H\u00e9roes de la Salud que se construir\u00e1 en el Congreso del Estado, por lo que a decir de la Diputada Nora Lagunes J\u00e1uregui est\u00e1n a la espera de que la Secretar\u00eda General del Congreso les informe los tiempos.\u00a0<\/p>\n\n\n\n<p>Se\u00f1al\u00f3 que el proyecto debi\u00f3 haber quedado construido en marzo, pero como se atraves\u00f3 la veda electoral no pudieron llevar a cabo el proyecto porque la dispersi\u00f3n de recursos se atras\u00f3.\u00a0<\/p>\n\n\n\n<p>\u201cNosotros ya les proporcionamos toda la informaci\u00f3n, les proporcionamos el proyecto con las modificaciones \u00faltimas que en su momento nos pidieron, y ahorita esperamos que puedan concluir con este compromiso que se gener\u00f3, el compromiso por parte de todo el Congreso del Estado es que se concluya, se ten\u00eda que concluir en marzo, comprendo por el tema de la veda pero el compromiso es que se concluya en este periodo\u201d.\u00a0<\/p>\n\n\n\n<p>Indic\u00f3 que la intenci\u00f3n no es dejarle un compromiso a una legislatura que no impuls\u00f3 este proyecto que es el de reconocer a los m\u00e9dicos y enfermeras que dieron su vida por salvar la de muchos pacientes durante la pandemia de COVID-19.\u00a0<\/p>\n\n\n\n<p>Precis\u00f3 que se tiene contemplado invertir un mill\u00f3n de pesos para la edificaci\u00f3n del monumento, ya con todas las modificaciones contempladas.\u00a0<\/p>\n\n\n\n<p>Destac\u00f3 que se tiene un aproximado de 300 h\u00e9roes de la salud de los que pudieran plasmar su nombre en el memorial.\u00a0<\/p>\n\n\n\n<p>\u201cSe van a ir inscribiendo de forma paulatina ya que no con todos se tiene la documentaci\u00f3n oficial en estricto sentido revisada porque se tiene que hacer seguimiento por la confidencialidad de los datos y no todos los familiares en su momento se han acercado o nos han respondido para poder hacerlo\u201d.\u00a0<\/p>\n\n\n\n<p>Hay que recordar que el proyecto ganador fue de la facultad de Arquitectura de la Universidad An\u00e1huac de Xalapa.<\/p>\n","protected":false},"excerpt":{"rendered":"<p>Dar\u00edo Pale Xalapa, Ver.- Antes de que culmine la legislatura actual, debe quedar listo el Memorial a los H\u00e9roes de la Salud que se construir\u00e1 en el Congreso del Estado, por lo que a decir de la Diputada Nora Lagunes J\u00e1uregui est\u00e1n a la espera de que la Secretar\u00eda General del Congreso les informe los [&hellip;]<\/p>\n","protected":false},"author":2476,"featured_media":55758,"comment_status":"open","ping_status":"open","sticky":false,"template":"","format":"standard","meta":{"_jetpack_memberships_contains_paid_content":false,"footnotes":""},"categories":[9],"tags":[],"class_list":["post-55757","post","type-post","status-publish","format-standard","has-post-thumbnail","hentry","category-salud"],"jetpack_featured_media_url":"https:\/\/encuentroinformativo.com.mx\/wp-content\/uploads\/2024\/06\/IMG-20240618-WA0066.jpg","jetpack_sharing_enabled":true,"jetpack_likes_enabled":true,"amp_enabled":true,"_links":{"self":[{"href":"https:\/\/encuentroinformativo.com.mx\/index.php?rest_route=\/wp\/v2\/posts\/55757","targetHints":{"allow":["GET"]}}],"collection":[{"href":"https:\/\/encuentroinformativo.com.mx\/index.php?rest_route=\/wp\/v2\/posts"}],"about":[{"href":"https:\/\/encuentroinformativo.com.mx\/index.php?rest_route=\/wp\/v2\/types\/post"}],"author":[{"embeddable":true,"href":"https:\/\/encuentroinformativo.com.mx\/index.php?rest_route=\/wp\/v2\/users\/2476"}],"replies":[{"embeddable":true,"href":"https:\/\/encuentroinformativo.com.mx\/index.php?rest_route=%2Fwp%2Fv2%2Fcomments&post=55757"}],"version-history":[{"count":1,"href":"https:\/\/encuentroinformativo.com.mx\/index.php?rest_route=\/wp\/v2\/posts\/55757\/revisions"}],"predecessor-version":[{"id":55759,"href":"https:\/\/encuentroinformativo.com.mx\/index.php?rest_route=\/wp\/v2\/posts\/55757\/revisions\/55759"}],"wp:featuredmedia":[{"embeddable":true,"href":"https:\/\/encuentroinformativo.com.mx\/index.php?rest_route=\/wp\/v2\/media\/55758"}],"wp:attachment":[{"href":"https:\/\/encuentroinformativo.com.mx\/index.php?rest_route=%2Fwp%2Fv2%2Fmedia&parent=55757"}],"wp:term":[{"taxonomy":"category","embeddable":true,"href":"https:\/\/encuentroinformativo.com.mx\/index.php?rest_route=%2Fwp%2Fv2%2Fcategories&post=55757"},{"taxonomy":"post_tag","embeddable":true,"href":"https:\/\/encuentroinformativo.com.mx\/index.php?rest_route=%2Fwp%2Fv2%2Ftags&post=55757"}],"curies":[{"name":"wp","href":"https:\/\/api.w.org\/{rel}","templated":true}]}}