{"id":55760,"date":"2024-06-18T14:14:42","date_gmt":"2024-06-18T20:14:42","guid":{"rendered":"https:\/\/encuentroinformativo.com.mx\/?p=55760"},"modified":"2024-06-18T14:14:46","modified_gmt":"2024-06-18T20:14:46","slug":"piden-ayuda-para-localizar-a-desaparecidos-de-actopan","status":"publish","type":"post","link":"https:\/\/encuentroinformativo.com.mx\/?p=55760","title":{"rendered":"Piden ayuda para localizar a desaparecidos de Actopan"},"content":{"rendered":"\n<p><strong>Juan Arcos <\/strong><\/p>\n\n\n\n<p>Xalapa, Ver.- Mar\u00eda Fernanda Guevara Jim\u00e9nez busca a su esposo Clemente Utrera Dom\u00ednguez, cuya desaparici\u00f3n se report\u00f3 desde hace m\u00e1s de un mes en el municipio de Actopan, en la zona costera central del estado de Veracruz.<\/p>\n\n\n\n<p>La mujer, desesperada, difundi\u00f3 un video en redes sociales donde pide la ayuda de la poblaci\u00f3n en general para localizar con vida a su marido.<\/p>\n\n\n\n<p>El se\u00f1or de 43 a\u00f1os desapareci\u00f3 el viernes 10 de mayo. A las 08:45 horas fue visto por \u00faltima vez por su esposa, cuando \u00e9l pas\u00f3 al trabajo de la mujer para dejarle unas llaves.<\/p>\n\n\n\n<p>\u201cYa no tengo lugares d\u00f3nde buscarlo. Estoy desesperada, mi esposo sufre de varias molestias, su rodilla le afecta mucho el cambio de clima, ya no s\u00e9 d\u00f3nde buscarlo, ya no s\u00e9 d\u00f3nde seguir, ya no tengo parques d\u00f3nde ir a buscarlo, donde a m\u00ed me dicen voy y voy a la Fiscal\u00eda cuando me requieren. Me he presentado al Consejo de V\u00edctimas, tambi\u00e9n he ido a Servicios Periciales\u201d, expres\u00f3.<\/p>\n\n\n\n<p>De acuerdo con la ficha de b\u00fasqueda, Clemente mide un metro con 76 cent\u00edmetros. Tiene ojos color caf\u00e9 claro, la piel morena clara y es calvo.<\/p>\n\n\n\n<p>\u00c9l desapareci\u00f3 en El Espinal, municipio de Actopan. Como se\u00f1as particulares, tiene cicatrices en la frente y el hombro derecho; lunares en lado izquierdo de la boca y el diente plateado frontal superior.<\/p>\n\n\n\n<p>La se\u00f1ora Mar\u00eda Fernanda pidi\u00f3 a la ciudadan\u00eda que comparta la ficha de la Comisi\u00f3n Estatal de B\u00fasqueda y que aporte datos para localizar a su esposo. La mujer adem\u00e1s agradeci\u00f3 a las personas que se han sumado a la b\u00fasqueda en la zona de El Espinal y los lugares alrededor de este municipio de Actopan.<\/p>\n\n\n\n<p>Fernanda indic\u00f3 que ha recibido llamadas telef\u00f3nicas de n\u00fameros desconocidos donde le exigen que elimine la publicaci\u00f3n, retire la denuncia y abandone la b\u00fasqueda.<\/p>\n\n\n\n<p>&#8220;Pero yo no voy a quitar la denuncia, no voy a dejar de buscar a mi esposo, lo quiero con vida, no voy a descansar hasta que est\u00e9s conmigo\u201d, enfatiz\u00f3.<\/p>\n","protected":false},"excerpt":{"rendered":"<p>Juan Arcos Xalapa, Ver.- Mar\u00eda Fernanda Guevara Jim\u00e9nez busca a su esposo Clemente Utrera Dom\u00ednguez, cuya desaparici\u00f3n se report\u00f3 desde hace m\u00e1s de un mes en el municipio de Actopan, en la zona costera central del estado de Veracruz. La mujer, desesperada, difundi\u00f3 un video en redes sociales donde pide la ayuda de la poblaci\u00f3n [&hellip;]<\/p>\n","protected":false},"author":2476,"featured_media":55761,"comment_status":"open","ping_status":"open","sticky":false,"template":"","format":"standard","meta":{"_jetpack_memberships_contains_paid_content":false,"footnotes":""},"categories":[8],"tags":[],"class_list":["post-55760","post","type-post","status-publish","format-standard","has-post-thumbnail","hentry","category-region"],"jetpack_featured_media_url":"https:\/\/encuentroinformativo.com.mx\/wp-content\/uploads\/2024\/06\/ea7d6348-68ca-432a-bc4e-47a0d289c9a6.jpg","jetpack_sharing_enabled":true,"jetpack_likes_enabled":true,"amp_enabled":true,"_links":{"self":[{"href":"https:\/\/encuentroinformativo.com.mx\/index.php?rest_route=\/wp\/v2\/posts\/55760","targetHints":{"allow":["GET"]}}],"collection":[{"href":"https:\/\/encuentroinformativo.com.mx\/index.php?rest_route=\/wp\/v2\/posts"}],"about":[{"href":"https:\/\/encuentroinformativo.com.mx\/index.php?rest_route=\/wp\/v2\/types\/post"}],"author":[{"embeddable":true,"href":"https:\/\/encuentroinformativo.com.mx\/index.php?rest_route=\/wp\/v2\/users\/2476"}],"replies":[{"embeddable":true,"href":"https:\/\/encuentroinformativo.com.mx\/index.php?rest_route=%2Fwp%2Fv2%2Fcomments&post=55760"}],"version-history":[{"count":1,"href":"https:\/\/encuentroinformativo.com.mx\/index.php?rest_route=\/wp\/v2\/posts\/55760\/revisions"}],"predecessor-version":[{"id":55762,"href":"https:\/\/encuentroinformativo.com.mx\/index.php?rest_route=\/wp\/v2\/posts\/55760\/revisions\/55762"}],"wp:featuredmedia":[{"embeddable":true,"href":"https:\/\/encuentroinformativo.com.mx\/index.php?rest_route=\/wp\/v2\/media\/55761"}],"wp:attachment":[{"href":"https:\/\/encuentroinformativo.com.mx\/index.php?rest_route=%2Fwp%2Fv2%2Fmedia&parent=55760"}],"wp:term":[{"taxonomy":"category","embeddable":true,"href":"https:\/\/encuentroinformativo.com.mx\/index.php?rest_route=%2Fwp%2Fv2%2Fcategories&post=55760"},{"taxonomy":"post_tag","embeddable":true,"href":"https:\/\/encuentroinformativo.com.mx\/index.php?rest_route=%2Fwp%2Fv2%2Ftags&post=55760"}],"curies":[{"name":"wp","href":"https:\/\/api.w.org\/{rel}","templated":true}]}}