{"id":55778,"date":"2024-06-18T19:55:45","date_gmt":"2024-06-19T01:55:45","guid":{"rendered":"https:\/\/encuentroinformativo.com.mx\/?p=55778"},"modified":"2024-06-18T19:55:56","modified_gmt":"2024-06-19T01:55:56","slug":"presenta-alcalde-jm-unanue-cartelera-de-lujo-para-las-fiestas-de-santa-ana-2024","status":"publish","type":"post","link":"https:\/\/encuentroinformativo.com.mx\/?p=55778","title":{"rendered":"Presenta alcalde JM Un\u00e1nue cartelera de lujo para las Fiestas de Santa Ana 2024"},"content":{"rendered":"\n<p><strong>* <em>Mijares, Tito Nieves, Luis \u00c1ngel \u201cEl Flaco\u201d, Mariana Seoane, Chico Che Chico y Gloria Trevi le dar\u00e1n vida a las fiestas patronales del 21 al 28 de julio en Boca del R\u00edo<\/em>.<\/strong><\/p>\n\n\n\n<p>Boca del R\u00edo, Ver.- El alcalde de Boca del R\u00edo, Juan Manuel Un\u00e1nue Abascal, present\u00f3 el programa general de actividades de las Fiestas de Santa Ana 2024, el cual contar\u00e1 con la presencia de cantantes de talla internacional y referentes de la m\u00fasica en espa\u00f1ol, una celebraci\u00f3n de primer nivel.<\/p>\n\n\n\n<p>\u201cLo que hemos tratado de hacer cada a\u00f1o es ir mejorando las fiestas, todo lo que tiene que ver con el programa, lo religioso, los concursos, as\u00ed como la cartelera de conciertos donde hemos tenido llenos impresionantes. El Ayuntamiento hace un esfuerzo grande en traer artistas de primer nivel\u201d, destac\u00f3 el edil.<\/p>\n\n\n\n<p>El presidente municipal coment\u00f3 que gracias a la organizaci\u00f3n de la fiesta m\u00e1s importante de Boca del R\u00edo se incrementa la movilidad en la ciudad, lo que generar\u00e1 una derrama econ\u00f3mica de m\u00e1s de 70 millones de pesos, gracias a la reactivaci\u00f3n econ\u00f3mica que beneficia principalmente en la cabecera municipal.<\/p>\n\n\n\n<p>Cabe recordar que estas fiestas patronales son en honor a nuestra se\u00f1ora de Santa Ana, como recordatorio y homenaje a la herencia de quienes han dado fama a esta zona por su hospitalidad, gastronom\u00eda y tradiciones.<\/p>\n\n\n\n<p>La figura de nuestra se\u00f1ora de Santa Ana es fundamental para la comunidad de pescadores de Boca del R\u00edo, quienes iniciaron la tradici\u00f3n de rendirle este homenaje que ha perdurado y se ha vuelto emblem\u00e1tico en la puerta del Sotavento.<\/p>\n\n\n\n<p>La imagen gr\u00e1fica de nuestras fiestas de este a\u00f1o es un recordatorio de la fe y la devoci\u00f3n a Santa Ana, madre de Mar\u00eda, esposa de Joaqu\u00edn y abuela materna de Jes\u00fas.<\/p>\n\n\n\n<p><em><strong>PROGRAMA DE ACTIVIDADES<\/strong><\/em><\/p>\n\n\n\n<p>El programa de actividades inicia domingo 21 de julio con la tercera edici\u00f3n de la Carrera Santa Ana 2024 3K y 5K, donde los participantes podr\u00e1n obtener la medalla conmemorativa con la letra \u201cC\u201d.<\/p>\n\n\n\n<p>Continuando el mi\u00e9rcoles 24 de julio desde las 9:30 de la ma\u00f1ana, se realizar\u00e1n los concursos tradicionales como la carrera de meseros, vencidas con cuerdas, palo encebado, y los concursos de comelones, yardas y lanzamiento de atarrayas.<\/p>\n\n\n\n<p>Mientras tanto, el jueves 25 de julio a las 19 horas se llevar\u00e1 a cabo la procesi\u00f3n desde la Casa de Cultura hasta la Iglesia de nuestra se\u00f1ora de Santa Ana, seguida por la serenata y la misa solemne. En punto de las 21 horas se coronar\u00e1 a la Corte Real 2024, misma que se dar\u00e1 a conocer la primera semana de julio, y cerrando la jornada festiva con el concierto del \u201csoldado del amor\u201d, Mijares, en punto de las 22 horas en la Plaza C\u00edvica del Palacio Municipal.<\/p>\n\n\n\n<p>El viernes 26 de julio, como parte de la celebraci\u00f3n religiosa se llevar\u00e1 a cabo la misa solemne de los Santos Patronos a las 12:00 del d\u00eda en la Parroquia de nuestra se\u00f1ora de Santa Ana, seguido del Paseo Acu\u00e1tico por el r\u00edo Jamapa y la ofrenda floral a las 13:30 horas.<\/p>\n\n\n\n<p>A las 15 horas, locales y visitantes disfrutar\u00e1n del tradicional filete relleno de mariscos m\u00e1s grande del mundo, conmemorando a la gastronom\u00eda boque\u00f1a.<\/p>\n\n\n\n<p>A las 19 horas se realizar\u00e1 la Misa de Conclusi\u00f3n de los Sacramentos y dar paso al segundo concierto masivo a cargo de Tito Nieves en la Plaza C\u00edvica en punto de las 21 horas.<\/p>\n\n\n\n<p>Para el mediod\u00eda del s\u00e1bado 27 de julio, los boque\u00f1os podr\u00e1n participar en el tradicional Ba\u00f1o Popular teniendo como padrinos a la actriz y cantante Mariana Seoane y el cantante Chico Che Chico.<\/p>\n\n\n\n<p>Este mismo d\u00eda pero a las 21 horas en la Plaza C\u00edvica, el tercer gran concierto a cargo de Luis \u00c1ngel \u201cEl Flaco\u201d, uno de los cantantes de m\u00fasica regional mexicana m\u00e1s famosos de M\u00e9xico.<\/p>\n\n\n\n<p>Para el domingo 28 de julio a las 18:00 horas en la explanada del Palacio Municipal, la invitaci\u00f3n est\u00e1 abierta para disfrutar de una de las bebidas t\u00edpicas de Boca del R\u00edo como lo es el torito gigante.<\/p>\n\n\n\n<p>Y para cerrar con broche de oro en el cuarto y \u00faltimo concierto, la regiomontana Gloria Trevi y su espectacular show pondr\u00e1 a cantar a boque\u00f1os y visitantes a partir de las 21 horas en la Plaza C\u00edvica.<\/p>\n\n\n\n<p>Finalmente el alcalde de Boca del R\u00edo, Juan Manuel Un\u00e1nue Abascal, hizo extensiva la invitaci\u00f3n para que boque\u00f1os y habitantes en general de la zona conurbada, as\u00ed como turistas, vengan a disfrutar de estas fiestas patronales del 21 al 28 de julio.<\/p>\n\n\n\n<figure class=\"wp-block-image size-large\"><img loading=\"lazy\" decoding=\"async\" width=\"1024\" height=\"1024\" src=\"https:\/\/encuentroinformativo.com.mx\/wp-content\/uploads\/2024\/06\/1000325928-1024x1024.jpg\" alt=\"\" class=\"wp-image-55780\" srcset=\"https:\/\/encuentroinformativo.com.mx\/wp-content\/uploads\/2024\/06\/1000325928-1024x1024.jpg 1024w, https:\/\/encuentroinformativo.com.mx\/wp-content\/uploads\/2024\/06\/1000325928-300x300.jpg 300w, https:\/\/encuentroinformativo.com.mx\/wp-content\/uploads\/2024\/06\/1000325928-150x150.jpg 150w, https:\/\/encuentroinformativo.com.mx\/wp-content\/uploads\/2024\/06\/1000325928-768x768.jpg 768w, https:\/\/encuentroinformativo.com.mx\/wp-content\/uploads\/2024\/06\/1000325928-1536x1536.jpg 1536w, https:\/\/encuentroinformativo.com.mx\/wp-content\/uploads\/2024\/06\/1000325928.jpg 1600w\" sizes=\"auto, (max-width: 1024px) 100vw, 1024px\" \/><\/figure>\n","protected":false},"excerpt":{"rendered":"<p>* Mijares, Tito Nieves, Luis \u00c1ngel \u201cEl Flaco\u201d, Mariana Seoane, Chico Che Chico y Gloria Trevi le dar\u00e1n vida a las fiestas patronales del 21 al 28 de julio en Boca del R\u00edo. Boca del R\u00edo, Ver.- El alcalde de Boca del R\u00edo, Juan Manuel Un\u00e1nue Abascal, present\u00f3 el programa general de actividades de las [&hellip;]<\/p>\n","protected":false},"author":2476,"featured_media":55779,"comment_status":"open","ping_status":"open","sticky":false,"template":"","format":"standard","meta":{"_jetpack_memberships_contains_paid_content":false,"footnotes":""},"categories":[2],"tags":[],"class_list":["post-55778","post","type-post","status-publish","format-standard","has-post-thumbnail","hentry","category-estado"],"jetpack_featured_media_url":"https:\/\/encuentroinformativo.com.mx\/wp-content\/uploads\/2024\/06\/IMG-20240618-WA0093.jpg","jetpack_sharing_enabled":true,"jetpack_likes_enabled":true,"amp_enabled":true,"_links":{"self":[{"href":"https:\/\/encuentroinformativo.com.mx\/index.php?rest_route=\/wp\/v2\/posts\/55778","targetHints":{"allow":["GET"]}}],"collection":[{"href":"https:\/\/encuentroinformativo.com.mx\/index.php?rest_route=\/wp\/v2\/posts"}],"about":[{"href":"https:\/\/encuentroinformativo.com.mx\/index.php?rest_route=\/wp\/v2\/types\/post"}],"author":[{"embeddable":true,"href":"https:\/\/encuentroinformativo.com.mx\/index.php?rest_route=\/wp\/v2\/users\/2476"}],"replies":[{"embeddable":true,"href":"https:\/\/encuentroinformativo.com.mx\/index.php?rest_route=%2Fwp%2Fv2%2Fcomments&post=55778"}],"version-history":[{"count":1,"href":"https:\/\/encuentroinformativo.com.mx\/index.php?rest_route=\/wp\/v2\/posts\/55778\/revisions"}],"predecessor-version":[{"id":55781,"href":"https:\/\/encuentroinformativo.com.mx\/index.php?rest_route=\/wp\/v2\/posts\/55778\/revisions\/55781"}],"wp:featuredmedia":[{"embeddable":true,"href":"https:\/\/encuentroinformativo.com.mx\/index.php?rest_route=\/wp\/v2\/media\/55779"}],"wp:attachment":[{"href":"https:\/\/encuentroinformativo.com.mx\/index.php?rest_route=%2Fwp%2Fv2%2Fmedia&parent=55778"}],"wp:term":[{"taxonomy":"category","embeddable":true,"href":"https:\/\/encuentroinformativo.com.mx\/index.php?rest_route=%2Fwp%2Fv2%2Fcategories&post=55778"},{"taxonomy":"post_tag","embeddable":true,"href":"https:\/\/encuentroinformativo.com.mx\/index.php?rest_route=%2Fwp%2Fv2%2Ftags&post=55778"}],"curies":[{"name":"wp","href":"https:\/\/api.w.org\/{rel}","templated":true}]}}