{"id":55787,"date":"2024-06-19T10:55:15","date_gmt":"2024-06-19T16:55:15","guid":{"rendered":"https:\/\/encuentroinformativo.com.mx\/?p=55787"},"modified":"2024-06-19T10:55:22","modified_gmt":"2024-06-19T16:55:22","slug":"pide-cometur-realizar-operativos-para-evitar-camarena-en-carnaval","status":"publish","type":"post","link":"https:\/\/encuentroinformativo.com.mx\/?p=55787","title":{"rendered":"Pide COMETUR realizar operativos para evitar &#8220;camarena&#8221; en Carnaval"},"content":{"rendered":"\n<p><strong>Alejandro \u00c1vila<\/strong><\/p>\n\n\n\n<p>Veracruz, Ver.- El Consejo Metropolitano de Turismo (COMETUR), que preside Sergio Lois Heredia, solicit\u00f3 a las instancias gubernamentales que realicen durante las fechas Carnaval, operativos para evitar el famoso &#8220;camarena&#8221;.<\/p>\n\n\n\n<p>El empresario hotelero mencion\u00f3 que existen dos fechas en el a\u00f1o donde se agudiza este fen\u00f3meno, durante la Semana Santa, y en las vacaciones de verano.<\/p>\n\n\n\n<p>&#8220;Este a\u00f1o en Semana Santa desafortunadamente s\u00ed pudimos ver muchos turistas que hicieron esto, se pod\u00edan ver las tiendas de campa\u00f1a tanto en playas como en bulevar, en a\u00f1os pasados ya hab\u00edamos dejado de ver esto porque hab\u00edan existido operativos que sirven de dos formas. Una para poder darle econom\u00eda y que aprovechen estas fechas importantes los hoteles y, sobre todo, lo que son los hoteles peque\u00f1os y que se encuentra m\u00e1s alejados de la zona tur\u00edstica, y por la misma seguridad de las propias personas, la realidad es que la calle no est\u00e1 hecha, no cuenta con los servicios necesarios para que las personas pern\u00f3cten de una manera cien por ciento segura, est\u00e1 hecha para que las personas la utilicen p\u00fablicamente, pero no para pernoctar&#8221;, subray\u00f3.<\/p>\n\n\n\n<p>En ese sentido, Sergio Lois, solicit\u00f3 a las autoridades correspondientes realizar los operativos en las playas de la zona conurbada, situaci\u00f3n que adem\u00e1s de mermar en los n\u00fameros finales de ocupaci\u00f3n hotelera, pone en riesgo a los turistas o visitantes el Carnaval de Veracruz.<\/p>\n","protected":false},"excerpt":{"rendered":"<p>Alejandro \u00c1vila Veracruz, Ver.- El Consejo Metropolitano de Turismo (COMETUR), que preside Sergio Lois Heredia, solicit\u00f3 a las instancias gubernamentales que realicen durante las fechas Carnaval, operativos para evitar el famoso &#8220;camarena&#8221;. El empresario hotelero mencion\u00f3 que existen dos fechas en el a\u00f1o donde se agudiza este fen\u00f3meno, durante la Semana Santa, y en las [&hellip;]<\/p>\n","protected":false},"author":2476,"featured_media":55788,"comment_status":"open","ping_status":"open","sticky":false,"template":"","format":"standard","meta":{"_jetpack_memberships_contains_paid_content":false,"footnotes":""},"categories":[2],"tags":[],"class_list":["post-55787","post","type-post","status-publish","format-standard","has-post-thumbnail","hentry","category-estado"],"jetpack_featured_media_url":"https:\/\/encuentroinformativo.com.mx\/wp-content\/uploads\/2024\/06\/IMG-20240619-WA00092.jpg","jetpack_sharing_enabled":true,"jetpack_likes_enabled":true,"amp_enabled":true,"_links":{"self":[{"href":"https:\/\/encuentroinformativo.com.mx\/index.php?rest_route=\/wp\/v2\/posts\/55787","targetHints":{"allow":["GET"]}}],"collection":[{"href":"https:\/\/encuentroinformativo.com.mx\/index.php?rest_route=\/wp\/v2\/posts"}],"about":[{"href":"https:\/\/encuentroinformativo.com.mx\/index.php?rest_route=\/wp\/v2\/types\/post"}],"author":[{"embeddable":true,"href":"https:\/\/encuentroinformativo.com.mx\/index.php?rest_route=\/wp\/v2\/users\/2476"}],"replies":[{"embeddable":true,"href":"https:\/\/encuentroinformativo.com.mx\/index.php?rest_route=%2Fwp%2Fv2%2Fcomments&post=55787"}],"version-history":[{"count":1,"href":"https:\/\/encuentroinformativo.com.mx\/index.php?rest_route=\/wp\/v2\/posts\/55787\/revisions"}],"predecessor-version":[{"id":55789,"href":"https:\/\/encuentroinformativo.com.mx\/index.php?rest_route=\/wp\/v2\/posts\/55787\/revisions\/55789"}],"wp:featuredmedia":[{"embeddable":true,"href":"https:\/\/encuentroinformativo.com.mx\/index.php?rest_route=\/wp\/v2\/media\/55788"}],"wp:attachment":[{"href":"https:\/\/encuentroinformativo.com.mx\/index.php?rest_route=%2Fwp%2Fv2%2Fmedia&parent=55787"}],"wp:term":[{"taxonomy":"category","embeddable":true,"href":"https:\/\/encuentroinformativo.com.mx\/index.php?rest_route=%2Fwp%2Fv2%2Fcategories&post=55787"},{"taxonomy":"post_tag","embeddable":true,"href":"https:\/\/encuentroinformativo.com.mx\/index.php?rest_route=%2Fwp%2Fv2%2Ftags&post=55787"}],"curies":[{"name":"wp","href":"https:\/\/api.w.org\/{rel}","templated":true}]}}