{"id":55793,"date":"2024-06-19T12:45:04","date_gmt":"2024-06-19T18:45:04","guid":{"rendered":"https:\/\/encuentroinformativo.com.mx\/?p=55793"},"modified":"2024-06-19T12:45:13","modified_gmt":"2024-06-19T18:45:13","slug":"arden-en-llamas-cuatro-automoviles-en-alvarado","status":"publish","type":"post","link":"https:\/\/encuentroinformativo.com.mx\/?p=55793","title":{"rendered":"Arden en llamas cuatro autom\u00f3viles en Alvarado"},"content":{"rendered":"\n<p><strong>Alejandro \u00c1vila<\/strong><\/p>\n\n\n\n<p>Alvarado, Ver.- La ma\u00f1ana de este mi\u00e9rcoles cuatro autom\u00f3viles ardieron en llamas al interior de un comercio en el municipio de Alvarado.<\/p>\n\n\n\n<p>El reporte del del siniestro fue recibido por el Cuerpo de Bomberos de Alvarado alrededor de las 5 de la ma\u00f1ana, donde se informaba que en un garaje que se utiliza como taller de aluminios cuatro veh\u00edculos se estaban incendiando.<\/p>\n\n\n\n<p>Los apagafuegos llegaron a la calle Antonio M. Quirasco en la localidad de Salinas perteneciente al municipio de Alvarado, sitio donde lograron controlar el fuego de cuatro camionetas, pues un veh\u00edculo m\u00e1s ya hab\u00eda sido sofocado por el due\u00f1o del establecimiento.<\/p>\n\n\n\n<p>Los da\u00f1os se ejecutaron en una camioneta tipo Suburban a\u00f1o 1997, una Ford Lobo a\u00f1o 2007 y una Chevrolet Silverado1996, propiedad de Guillermo P\u00e9rez de 49 a\u00f1os de edad.<\/p>\n\n\n\n<p>Hasta el momento las autoridades no han determinado el motivo que provoc\u00f3 estos incendios, de la misma, el due\u00f1o dijo desconocer si se trata de alguna afrenta en su contra.<\/p>\n\n\n\n<figure class=\"wp-block-image size-large\"><img loading=\"lazy\" decoding=\"async\" width=\"887\" height=\"1024\" src=\"https:\/\/encuentroinformativo.com.mx\/wp-content\/uploads\/2024\/06\/1000326264-887x1024.jpg\" alt=\"\" class=\"wp-image-55795\" srcset=\"https:\/\/encuentroinformativo.com.mx\/wp-content\/uploads\/2024\/06\/1000326264-887x1024.jpg 887w, https:\/\/encuentroinformativo.com.mx\/wp-content\/uploads\/2024\/06\/1000326264-260x300.jpg 260w, https:\/\/encuentroinformativo.com.mx\/wp-content\/uploads\/2024\/06\/1000326264-768x887.jpg 768w, https:\/\/encuentroinformativo.com.mx\/wp-content\/uploads\/2024\/06\/1000326264.jpg 1039w\" sizes=\"auto, (max-width: 887px) 100vw, 887px\" \/><\/figure>\n","protected":false},"excerpt":{"rendered":"<p>Alejandro \u00c1vila Alvarado, Ver.- La ma\u00f1ana de este mi\u00e9rcoles cuatro autom\u00f3viles ardieron en llamas al interior de un comercio en el municipio de Alvarado. El reporte del del siniestro fue recibido por el Cuerpo de Bomberos de Alvarado alrededor de las 5 de la ma\u00f1ana, donde se informaba que en un garaje que se utiliza [&hellip;]<\/p>\n","protected":false},"author":2476,"featured_media":55794,"comment_status":"open","ping_status":"open","sticky":false,"template":"","format":"standard","meta":{"_jetpack_memberships_contains_paid_content":false,"footnotes":""},"categories":[2],"tags":[],"class_list":["post-55793","post","type-post","status-publish","format-standard","has-post-thumbnail","hentry","category-estado"],"jetpack_featured_media_url":"https:\/\/encuentroinformativo.com.mx\/wp-content\/uploads\/2024\/06\/IMG-20240619-WA0022.jpg","jetpack_sharing_enabled":true,"jetpack_likes_enabled":true,"amp_enabled":true,"_links":{"self":[{"href":"https:\/\/encuentroinformativo.com.mx\/index.php?rest_route=\/wp\/v2\/posts\/55793","targetHints":{"allow":["GET"]}}],"collection":[{"href":"https:\/\/encuentroinformativo.com.mx\/index.php?rest_route=\/wp\/v2\/posts"}],"about":[{"href":"https:\/\/encuentroinformativo.com.mx\/index.php?rest_route=\/wp\/v2\/types\/post"}],"author":[{"embeddable":true,"href":"https:\/\/encuentroinformativo.com.mx\/index.php?rest_route=\/wp\/v2\/users\/2476"}],"replies":[{"embeddable":true,"href":"https:\/\/encuentroinformativo.com.mx\/index.php?rest_route=%2Fwp%2Fv2%2Fcomments&post=55793"}],"version-history":[{"count":1,"href":"https:\/\/encuentroinformativo.com.mx\/index.php?rest_route=\/wp\/v2\/posts\/55793\/revisions"}],"predecessor-version":[{"id":55796,"href":"https:\/\/encuentroinformativo.com.mx\/index.php?rest_route=\/wp\/v2\/posts\/55793\/revisions\/55796"}],"wp:featuredmedia":[{"embeddable":true,"href":"https:\/\/encuentroinformativo.com.mx\/index.php?rest_route=\/wp\/v2\/media\/55794"}],"wp:attachment":[{"href":"https:\/\/encuentroinformativo.com.mx\/index.php?rest_route=%2Fwp%2Fv2%2Fmedia&parent=55793"}],"wp:term":[{"taxonomy":"category","embeddable":true,"href":"https:\/\/encuentroinformativo.com.mx\/index.php?rest_route=%2Fwp%2Fv2%2Fcategories&post=55793"},{"taxonomy":"post_tag","embeddable":true,"href":"https:\/\/encuentroinformativo.com.mx\/index.php?rest_route=%2Fwp%2Fv2%2Ftags&post=55793"}],"curies":[{"name":"wp","href":"https:\/\/api.w.org\/{rel}","templated":true}]}}