{"id":55812,"date":"2024-06-19T15:31:06","date_gmt":"2024-06-19T21:31:06","guid":{"rendered":"https:\/\/encuentroinformativo.com.mx\/?p=55812"},"modified":"2024-06-19T15:31:12","modified_gmt":"2024-06-19T21:31:12","slug":"cenizas-de-incendios-forestales-terminan-en-rios-de-la-region","status":"publish","type":"post","link":"https:\/\/encuentroinformativo.com.mx\/?p=55812","title":{"rendered":"Cenizas de incendios forestales terminan en r\u00edos de la regi\u00f3n"},"content":{"rendered":"\n<p><strong>Juan Arcos <\/strong><\/p>\n\n\n\n<p>Xalapa, Ver.- Las cenizas por los incendios forestales en la regi\u00f3n del Cofre de Perote son arrastradas por las corrientes de agua, acabando en los r\u00edos de los municipios de Coatepec y Xico.<\/p>\n\n\n\n<p>As\u00ed lo dio a conocer la gerente general del Fideicomiso P\u00fablico de Administraci\u00f3n (Fidecoagua) en Coatepec, Ana Karen Novoa Rodr\u00edguez, quien a\u00f1adi\u00f3 que los incendios ocurrieron desde hace m\u00e1s de tres semanas.<\/p>\n\n\n\n<p>\u201cEn el r\u00edo ya hay cenizas, desde ah\u00ed ya es algo que podemos ver de manera directa sin necesidad de un estudio tan t\u00e9cnico\u201d, explic\u00f3.<\/p>\n\n\n\n<p>La entrevistada coment\u00f3 que esta situaci\u00f3n genera afectaciones, ya que algunas comunidades toman el agua de manera directa de los afluentes.<\/p>\n\n\n\n<p>Uno de estos siniestros ocurri\u00f3 en la localidad Barranca Grande, municipio de Ixhuac\u00e1n de los Reyes, el cual dur\u00f3 casi dos semanas activo.<\/p>\n\n\n\n<p>La gente se manifest\u00f3 en Coatepec para exigir la atenci\u00f3n a las fuerzas de tarea de los tres niveles de gobierno y as\u00ed evitar una afectaci\u00f3n mayor a los bosques.<\/p>\n\n\n\n<p>De acuerdo con la Comisi\u00f3n Nacional Forestal (Conafor), suman 153 incendios forestales, cifra que coloca al estado de Veracruz en el noveno lugar nacional con m\u00e1s siniestros de este tipo.<br>Se habla de m\u00e1s de 8 mil hect\u00e1reas afectadas en el territorio veracruzano por los incendios forestales que se registraron este a\u00f1o.<\/p>\n","protected":false},"excerpt":{"rendered":"<p>Juan Arcos Xalapa, Ver.- Las cenizas por los incendios forestales en la regi\u00f3n del Cofre de Perote son arrastradas por las corrientes de agua, acabando en los r\u00edos de los municipios de Coatepec y Xico. As\u00ed lo dio a conocer la gerente general del Fideicomiso P\u00fablico de Administraci\u00f3n (Fidecoagua) en Coatepec, Ana Karen Novoa Rodr\u00edguez, [&hellip;]<\/p>\n","protected":false},"author":2476,"featured_media":55813,"comment_status":"open","ping_status":"open","sticky":false,"template":"","format":"standard","meta":{"_jetpack_memberships_contains_paid_content":false,"footnotes":""},"categories":[8],"tags":[],"class_list":["post-55812","post","type-post","status-publish","format-standard","has-post-thumbnail","hentry","category-region"],"jetpack_featured_media_url":"https:\/\/encuentroinformativo.com.mx\/wp-content\/uploads\/2024\/06\/6d67e057-96f9-4173-aeaf-d03f3786dc76.jpg","jetpack_sharing_enabled":true,"jetpack_likes_enabled":true,"amp_enabled":true,"_links":{"self":[{"href":"https:\/\/encuentroinformativo.com.mx\/index.php?rest_route=\/wp\/v2\/posts\/55812","targetHints":{"allow":["GET"]}}],"collection":[{"href":"https:\/\/encuentroinformativo.com.mx\/index.php?rest_route=\/wp\/v2\/posts"}],"about":[{"href":"https:\/\/encuentroinformativo.com.mx\/index.php?rest_route=\/wp\/v2\/types\/post"}],"author":[{"embeddable":true,"href":"https:\/\/encuentroinformativo.com.mx\/index.php?rest_route=\/wp\/v2\/users\/2476"}],"replies":[{"embeddable":true,"href":"https:\/\/encuentroinformativo.com.mx\/index.php?rest_route=%2Fwp%2Fv2%2Fcomments&post=55812"}],"version-history":[{"count":1,"href":"https:\/\/encuentroinformativo.com.mx\/index.php?rest_route=\/wp\/v2\/posts\/55812\/revisions"}],"predecessor-version":[{"id":55814,"href":"https:\/\/encuentroinformativo.com.mx\/index.php?rest_route=\/wp\/v2\/posts\/55812\/revisions\/55814"}],"wp:featuredmedia":[{"embeddable":true,"href":"https:\/\/encuentroinformativo.com.mx\/index.php?rest_route=\/wp\/v2\/media\/55813"}],"wp:attachment":[{"href":"https:\/\/encuentroinformativo.com.mx\/index.php?rest_route=%2Fwp%2Fv2%2Fmedia&parent=55812"}],"wp:term":[{"taxonomy":"category","embeddable":true,"href":"https:\/\/encuentroinformativo.com.mx\/index.php?rest_route=%2Fwp%2Fv2%2Fcategories&post=55812"},{"taxonomy":"post_tag","embeddable":true,"href":"https:\/\/encuentroinformativo.com.mx\/index.php?rest_route=%2Fwp%2Fv2%2Ftags&post=55812"}],"curies":[{"name":"wp","href":"https:\/\/api.w.org\/{rel}","templated":true}]}}