{"id":55815,"date":"2024-06-19T15:59:01","date_gmt":"2024-06-19T21:59:01","guid":{"rendered":"https:\/\/encuentroinformativo.com.mx\/?p=55815"},"modified":"2024-06-19T15:59:07","modified_gmt":"2024-06-19T21:59:07","slug":"proxima-titular-de-sedema-aprobaria-proyectos-contra-medio-ambiente-lavida","status":"publish","type":"post","link":"https:\/\/encuentroinformativo.com.mx\/?p=55815","title":{"rendered":"Pr\u00f3xima titular de SEDEMA aprobar\u00eda proyectos contra medio ambiente: Lavida"},"content":{"rendered":"\n<p><strong>Dar\u00edo Pale <\/strong><\/p>\n\n\n\n<p>Xalapa, Ver.- La pr\u00f3xima titular de Secretaria de Medio Ambiente (SEDEMA), aprobar\u00eda proyectos que van contra medio ambiente, as\u00ed lo dio a conocer el representante de La Asamblea Veracruzana de Iniciativas y Defensa Ambiental (LAVIDA), Guillermo Rodr\u00edguez Curiel.<\/p>\n\n\n\n<p>En entrevista opin\u00f3 que la pr\u00f3xima titular de la Sedema, Luz Mariela Zaleta Mendoza, no es ambientalista y por lo que no descart\u00f3 que s\u00f3lo se dedique a aprobar permisos para la instalaci\u00f3n de grandes empresas.<\/p>\n\n\n\n<p>&#8220;Coloc\u00f3 una regidora segunda de Poza Rica como titular de la Sedema, ella no es ambientalista, ella es ingeniera ambiental, consultora y van a ponerla ah\u00ed para que apruebe los negocios que van a hacer con el Trans\u00edstmico que requiere de una gran cantidad de MIA&#8217;s&#8221;, se\u00f1al\u00f3.<\/p>\n\n\n\n<p>&#8220;Ponen a una ingeniera que a todo le va a decir que s\u00ed, no est\u00e1 una ambientalista ah\u00ed. Ya nos colocaron a Ahued, a un empresario y a Astorga, otro empresario&#8221;, agreg\u00f3.<\/p>\n\n\n\n<p>Por lo tanto, el activista consider\u00f3 que dichos nombramientos significan que se est\u00e1 trazando una linea de hacia donde ir\u00e1 la pr\u00f3xima administraci\u00f3n.<\/p>\n\n\n\n<p>En ese sentido, manifest\u00f3 que si se ven desastres ambientales, esto ser\u00e1 responsabilidad de la nueva administraci\u00f3n estatal.<\/p>\n\n\n\n<p>&#8220;Yo no veo que tengan voluntad los gobiernos en defender los bosques ni la naturaleza, al Federal tampoco, lo vemos con el tren maya, el Trans\u00edstmico y la aprobaci\u00f3n del gasoducto que va del norte a Estados Unidos&#8221;, abund\u00f3.<\/p>\n\n\n\n<p>Pregunt\u00f3 por qu\u00e9 colocan por delante la ganancia y no colocan por delante la defensa de los bienes comunes para las pr\u00f3ximas generaciones.<br>Rodr\u00edguez Curiel agreg\u00f3 que las administraciones le quedaron a deber a la sociedad por esta falta de defensa de la vida.<\/p>\n\n\n\n<p>El activista defensor del medio ambiente consider\u00f3 que en el caso de otros proyectos como las minas en Alto Lucero o el agua de Jalcomulco, ser\u00e1 muy dif\u00edcil que se aprueben porque la gente de los municipios est\u00e1 muy organizada y no han bajado la guardia.<\/p>\n\n\n\n<p>Por ello, extern\u00f3 que el camino para defender el medio ambiente es a trav\u00e9s de la sociedad civil organizada para exigir a los gobiernos que cumplan con sus obligaciones.<\/p>\n\n\n\n<p>En otro orden de ideas, critic\u00f3 que la sequ\u00eda y escasez de agua que se vive en gran parte del pa\u00eds y en Veracruz no afect\u00f3 a todos por igual, record\u00f3 que mientras la poblaci\u00f3n en general sufre por la falta de agua, las grandes empresas siguen teniendo el l\u00edquido suficiente para producir cervezas, refrescos o agua embotellada, productos que son adquiridos a precios altos.<\/p>\n\n\n\n<p>\u201cEn esta ola de calor vimos a la gente corriendo a comprar agua en pipas, embotellada; as\u00ed como hielo, en las colonias y comunidades del campo no tienen agua, pero las grandes empresas ecocidas no tuvieron problemas de agua\u201d, expuso.<\/p>\n\n\n\n<p>El ambientalista mencion\u00f3 que resulta molesto e incluso debe criticarse que mientras los anaqueles en los supermercados est\u00e1n llenos de agua embotellada en las colonias la gente bloque las calles ante la falta del l\u00edquido.<\/p>\n\n\n\n<p>Finalmente se\u00f1al\u00f3 \u00a0que, \u201ces una sequ\u00eda, pero mientras no hab\u00eda agua para la sociedad los anaqueles estaban llenos de cervezas y agua embotellada, es ah\u00ed donde vemos que la situaci\u00f3n no es la misma para todos\u201d.<\/p>\n","protected":false},"excerpt":{"rendered":"<p>Dar\u00edo Pale Xalapa, Ver.- La pr\u00f3xima titular de Secretaria de Medio Ambiente (SEDEMA), aprobar\u00eda proyectos que van contra medio ambiente, as\u00ed lo dio a conocer el representante de La Asamblea Veracruzana de Iniciativas y Defensa Ambiental (LAVIDA), Guillermo Rodr\u00edguez Curiel. En entrevista opin\u00f3 que la pr\u00f3xima titular de la Sedema, Luz Mariela Zaleta Mendoza, no [&hellip;]<\/p>\n","protected":false},"author":2476,"featured_media":55816,"comment_status":"open","ping_status":"open","sticky":false,"template":"","format":"standard","meta":{"_jetpack_memberships_contains_paid_content":false,"footnotes":""},"categories":[2],"tags":[],"class_list":["post-55815","post","type-post","status-publish","format-standard","has-post-thumbnail","hentry","category-estado"],"jetpack_featured_media_url":"https:\/\/encuentroinformativo.com.mx\/wp-content\/uploads\/2024\/06\/IMG-20240619-WA0050.jpg","jetpack_sharing_enabled":true,"jetpack_likes_enabled":true,"amp_enabled":true,"_links":{"self":[{"href":"https:\/\/encuentroinformativo.com.mx\/index.php?rest_route=\/wp\/v2\/posts\/55815","targetHints":{"allow":["GET"]}}],"collection":[{"href":"https:\/\/encuentroinformativo.com.mx\/index.php?rest_route=\/wp\/v2\/posts"}],"about":[{"href":"https:\/\/encuentroinformativo.com.mx\/index.php?rest_route=\/wp\/v2\/types\/post"}],"author":[{"embeddable":true,"href":"https:\/\/encuentroinformativo.com.mx\/index.php?rest_route=\/wp\/v2\/users\/2476"}],"replies":[{"embeddable":true,"href":"https:\/\/encuentroinformativo.com.mx\/index.php?rest_route=%2Fwp%2Fv2%2Fcomments&post=55815"}],"version-history":[{"count":1,"href":"https:\/\/encuentroinformativo.com.mx\/index.php?rest_route=\/wp\/v2\/posts\/55815\/revisions"}],"predecessor-version":[{"id":55817,"href":"https:\/\/encuentroinformativo.com.mx\/index.php?rest_route=\/wp\/v2\/posts\/55815\/revisions\/55817"}],"wp:featuredmedia":[{"embeddable":true,"href":"https:\/\/encuentroinformativo.com.mx\/index.php?rest_route=\/wp\/v2\/media\/55816"}],"wp:attachment":[{"href":"https:\/\/encuentroinformativo.com.mx\/index.php?rest_route=%2Fwp%2Fv2%2Fmedia&parent=55815"}],"wp:term":[{"taxonomy":"category","embeddable":true,"href":"https:\/\/encuentroinformativo.com.mx\/index.php?rest_route=%2Fwp%2Fv2%2Fcategories&post=55815"},{"taxonomy":"post_tag","embeddable":true,"href":"https:\/\/encuentroinformativo.com.mx\/index.php?rest_route=%2Fwp%2Fv2%2Ftags&post=55815"}],"curies":[{"name":"wp","href":"https:\/\/api.w.org\/{rel}","templated":true}]}}