{"id":55821,"date":"2024-06-19T19:17:45","date_gmt":"2024-06-20T01:17:45","guid":{"rendered":"https:\/\/encuentroinformativo.com.mx\/?p=55821"},"modified":"2024-06-19T19:17:52","modified_gmt":"2024-06-20T01:17:52","slug":"agradecen-locatarios-remodelacion-de-mercado-galeana","status":"publish","type":"post","link":"https:\/\/encuentroinformativo.com.mx\/?p=55821","title":{"rendered":"Agradecen locatarios remodelaci\u00f3n de mercado Galeana"},"content":{"rendered":"\n<p><strong>Dar\u00edo Pale <\/strong><\/p>\n\n\n\n<p>Xalapa, Ver.- El presidente municipal de Xalapa Ricardo Ahued Bardahuil llev\u00f3 acabo la reinauguraci\u00f3n del mercado Hermenegildo Galeana donde se realiz\u00f3 una inversi\u00f3n de m\u00e1s de 5 millones de pesos con lo cual se benefician a los 128 locatarios.<\/p>\n\n\n\n<p>En entrevista se\u00f1al\u00f3 que se realiz\u00f3 una reestructuraci\u00f3n en la red el\u00e9ctrica, en los ba\u00f1os, pisos, fachada y lo que haga falte se le estar\u00e1 haciendo, ya que le hac\u00eda mucha falta, ya que es un mercado tradicional del centro de Xalapa.<\/p>\n\n\n\n<p>&#8220;Es una inversi\u00f3n de 5 millones de pesos con 216 pesos, en el mercado Galeana, as\u00ed estaba y as\u00ed qued\u00f3&#8221;, se\u00f1al\u00f3.<\/p>\n\n\n\n<p>Coment\u00f3 que est\u00e1n presupuestando tambi\u00e9n otras inversiones en otros lugares, por lo que van a realizar los proyectos para que sean atendidos.<\/p>\n\n\n\n<p>Por su parte el presidente del Comit\u00e9 del mercado, Luis Alberto Ruiz V\u00e1zquez, dio a conocer que 128 locatarios de giros que van desde venta de abarrotes, carnes, reparaci\u00f3n de calzado y hasta esot\u00e9ricos, ya est\u00e1n laborando en el horario regular de 9:00 a.m. a 6:00 p.m.<\/p>\n\n\n\n<p>Record\u00f3 que desde hace unos d\u00edas iniciaron las primeras ventas; sin embargo, faltaban detalles.<\/p>\n\n\n\n<p>\u201cYa todos los locatarios est\u00e1n ubicados; tanto de comida, productos esot\u00e9ricos, reparaci\u00f3n de aparatos electr\u00f3nicos, renovadora de calzado; ya est\u00e1 abierto\u201d, se\u00f1al\u00f3.<\/p>\n\n\n\n<p>Dijo que todos los locales est\u00e1n ocupados y explic\u00f3 que no se hab\u00eda abierto de manera total debido a retrasos en la instalaci\u00f3n del sistema de gas, \u201cYa se resolvi\u00f3, ya la gasera nos dio el servicio, todo est\u00e1 en funci\u00f3n\u201d.<\/p>\n\n\n\n<p>Respecto a las remodelaciones realizadas, dijo: \u201cvan desde el cambio de piso, drenaje, sistema el\u00e9ctrico (\u2026), ya se tiene gas estacionario, antes era con cilindros\u201d.<\/p>\n\n\n\n<p>Enfatiz\u00f3 que los ba\u00f1os quedaron \u201cmuy bien arreglados y muy bonitos\u201d.<\/p>\n\n\n\n<p>\u201cTambi\u00e9n se arregl\u00f3 el techado, hab\u00eda fugas. Se puso una rampa para personas discapacitadas y tambi\u00e9n hay un ba\u00f1o especial para ellos\u201d, coment\u00f3.<\/p>\n\n\n\n<p>Record\u00f3 que desde hace 12 a\u00f1os no se invert\u00eda en acciones de mantenimiento como lo ha hecho la administraci\u00f3n del alcalde Ricardo Ahued Bardahuil.<\/p>\n\n\n\n<p>\u201cEl recurso todo fue del Ayuntamiento, ya las \u00faltimas remodelaciones, los detallitos tambi\u00e9n son por gesti\u00f3n del alcalde\u201d, inform\u00f3.<\/p>\n\n\n\n<p>Finalmente dio a conocer que, \u201cdesde hace 20 d\u00edas ya se hab\u00eda abierto, pero no estaban las condiciones al 100 por ciento, ahora s\u00ed estamos listos para atender a nuestros clientes (\u2026), que vengan, las puertas est\u00e1n abiertas para todo el p\u00fablico, tenemos de todo\u201d.<\/p>\n\n\n\n<figure class=\"wp-block-image size-large\"><img loading=\"lazy\" decoding=\"async\" width=\"1024\" height=\"705\" src=\"https:\/\/encuentroinformativo.com.mx\/wp-content\/uploads\/2024\/06\/1000326580-1024x705.jpg\" alt=\"\" class=\"wp-image-55823\" srcset=\"https:\/\/encuentroinformativo.com.mx\/wp-content\/uploads\/2024\/06\/1000326580-1024x705.jpg 1024w, https:\/\/encuentroinformativo.com.mx\/wp-content\/uploads\/2024\/06\/1000326580-300x207.jpg 300w, https:\/\/encuentroinformativo.com.mx\/wp-content\/uploads\/2024\/06\/1000326580-768x529.jpg 768w, https:\/\/encuentroinformativo.com.mx\/wp-content\/uploads\/2024\/06\/1000326580-1536x1058.jpg 1536w, https:\/\/encuentroinformativo.com.mx\/wp-content\/uploads\/2024\/06\/1000326580-2048x1410.jpg 2048w\" sizes=\"auto, (max-width: 1024px) 100vw, 1024px\" \/><\/figure>\n","protected":false},"excerpt":{"rendered":"<p>Dar\u00edo Pale Xalapa, Ver.- El presidente municipal de Xalapa Ricardo Ahued Bardahuil llev\u00f3 acabo la reinauguraci\u00f3n del mercado Hermenegildo Galeana donde se realiz\u00f3 una inversi\u00f3n de m\u00e1s de 5 millones de pesos con lo cual se benefician a los 128 locatarios. En entrevista se\u00f1al\u00f3 que se realiz\u00f3 una reestructuraci\u00f3n en la red el\u00e9ctrica, en los [&hellip;]<\/p>\n","protected":false},"author":2476,"featured_media":55822,"comment_status":"open","ping_status":"open","sticky":false,"template":"","format":"standard","meta":{"_jetpack_memberships_contains_paid_content":false,"footnotes":""},"categories":[3],"tags":[],"class_list":["post-55821","post","type-post","status-publish","format-standard","has-post-thumbnail","hentry","category-xalapa"],"jetpack_featured_media_url":"https:\/\/encuentroinformativo.com.mx\/wp-content\/uploads\/2024\/06\/IMG-20240619-WA0101.jpg","jetpack_sharing_enabled":true,"jetpack_likes_enabled":true,"amp_enabled":true,"_links":{"self":[{"href":"https:\/\/encuentroinformativo.com.mx\/index.php?rest_route=\/wp\/v2\/posts\/55821","targetHints":{"allow":["GET"]}}],"collection":[{"href":"https:\/\/encuentroinformativo.com.mx\/index.php?rest_route=\/wp\/v2\/posts"}],"about":[{"href":"https:\/\/encuentroinformativo.com.mx\/index.php?rest_route=\/wp\/v2\/types\/post"}],"author":[{"embeddable":true,"href":"https:\/\/encuentroinformativo.com.mx\/index.php?rest_route=\/wp\/v2\/users\/2476"}],"replies":[{"embeddable":true,"href":"https:\/\/encuentroinformativo.com.mx\/index.php?rest_route=%2Fwp%2Fv2%2Fcomments&post=55821"}],"version-history":[{"count":1,"href":"https:\/\/encuentroinformativo.com.mx\/index.php?rest_route=\/wp\/v2\/posts\/55821\/revisions"}],"predecessor-version":[{"id":55824,"href":"https:\/\/encuentroinformativo.com.mx\/index.php?rest_route=\/wp\/v2\/posts\/55821\/revisions\/55824"}],"wp:featuredmedia":[{"embeddable":true,"href":"https:\/\/encuentroinformativo.com.mx\/index.php?rest_route=\/wp\/v2\/media\/55822"}],"wp:attachment":[{"href":"https:\/\/encuentroinformativo.com.mx\/index.php?rest_route=%2Fwp%2Fv2%2Fmedia&parent=55821"}],"wp:term":[{"taxonomy":"category","embeddable":true,"href":"https:\/\/encuentroinformativo.com.mx\/index.php?rest_route=%2Fwp%2Fv2%2Fcategories&post=55821"},{"taxonomy":"post_tag","embeddable":true,"href":"https:\/\/encuentroinformativo.com.mx\/index.php?rest_route=%2Fwp%2Fv2%2Ftags&post=55821"}],"curies":[{"name":"wp","href":"https:\/\/api.w.org\/{rel}","templated":true}]}}